{"id":5103,"date":"2026-08-10T09:14:02","date_gmt":"2026-08-10T07:14:02","guid":{"rendered":"https:\/\/perfumhada.es\/blog\/?p=5103"},"modified":"2026-08-10T09:40:14","modified_gmt":"2026-08-10T07:40:14","slug":"perfume-y-personalidad-una-historia-muy-tuya","status":"publish","type":"post","link":"https:\/\/perfumhada.es\/blog\/perfume-y-personalidad-una-historia-muy-tuya\/","title":{"rendered":"Perfume y personalidad: una historia muy tuya"},"content":{"rendered":"\n<p class=\"has-black-color has-text-color has-link-color wp-elements-ddf12bd2ab74d6b61270d6c727a6af44\"><strong><strong>Hay momentos que cambian nuestra forma de ver las cosas.<\/strong><\/strong><\/p>\n\n\n\n<p><strong> A m\u00ed me pas\u00f3 de la forma m\u00e1s inesperada.<\/strong> Caminaba por la calle cuando alguien pas\u00f3 a mi lado y dej\u00f3 tras de s\u00ed un aroma que conoc\u00eda perfectamente.<strong> En cuesti\u00f3n de segundos no estaba all\u00ed, sino a\u00f1os atr\u00e1s. <\/strong>Record\u00e9 una voz, una risa, un abrazo y una etapa de mi vida que cre\u00eda olvidada.<\/p>\n\n\n\n<p>Fue entonces cuando entend\u00ed que <strong>un perfume nunca es solo un perfume<\/strong>.<\/p>\n\n\n\n<p class=\"has-black-color has-text-color has-link-color wp-elements-63f61596c6c678301820f2e98acedbe2\">Aquel d\u00eda me di cuenta de que los aromas tienen el poder de despertar <strong>recuerdos y emociones.<\/strong> No recordamos un perfume \u00fanicamente por c\u00f3mo huele, sino por todo lo que vivimos mientras nos acompa\u00f1aba. La <a href=\"https:\/\/www.nationalgeographic.com\/health\/article\/sensory-memory?utm_source=chatgpt.com\"><strong>ciencia<\/strong><\/a> lleva a\u00f1os estudiando c\u00f3mo el olfato activa recuerdos de una forma especialmente intensa. Quiz\u00e1 por eso hay fragancias que permanecen en nuestra memoria durante a\u00f1os.<\/p>\n\n\n\n<p><\/p>\n\n\n\n<h2 class=\"wp-block-heading has-text-color has-link-color has-large-font-size wp-elements-5d0a7f5932798b0532fd35b355af6de2\" style=\"color:#eb0f6e\"><strong><strong><strong><strong><strong>\u00bfY si el perfume tambi\u00e9n pudiera hablar de ti?<\/strong><\/strong><\/strong><\/strong><\/strong><\/h2>\n\n\n\n<div class=\"wp-block-columns is-layout-flex wp-container-core-columns-is-layout-9d6595d7 wp-block-columns-is-layout-flex\">\n<div class=\"wp-block-column is-layout-flow wp-block-column-is-layout-flow\">\n<p class=\"has-black-color has-text-color has-link-color wp-elements-2c9e04e9978bc672828492de4396f45f\">La mayor\u00eda de las personas eligen un perfume porque les gusta c\u00f3mo huele o porque alguien se lo ha recomendado. Pero pocas veces se hacen una pregunta mucho m\u00e1s importante: <a href=\"https:\/\/www.glamour.es\/articulos\/como-influyen-los-perfumes-en-las-emociones\"><strong>\u00bfeste perfume realmente me representa?<\/strong><\/a><strong><\/strong><\/p>\n\n\n\n<p class=\"has-black-color has-text-color has-link-color wp-elements-afb782d943aa627caf430f833163a3f5\">Cada persona tiene una forma distinta de ser, de vestir y de vivir. Entonces, \u00bfpor qu\u00e9 conformarnos con llevar un perfume igual que el de cualquiera? <strong>Si un aroma forma parte de tu identidad, tambi\u00e9n deber\u00eda adaptarse a ti.<\/strong><\/p>\n<\/div>\n<\/div>\n\n\n\n<h2 class=\"wp-block-heading has-text-color has-link-color has-large-font-size wp-elements-fa5612b195c4d068e9cb82b473306167\" style=\"color:#eb0f6e\"><strong><strong><strong><strong><strong>Cuando descubr\u00ed la verdadera diferencia de Perfumhada<\/strong><\/strong><\/strong><\/strong><\/strong><\/h2>\n\n\n\n<div class=\"wp-block-columns is-layout-flex wp-container-core-columns-is-layout-9d6595d7 wp-block-columns-is-layout-flex\">\n<div class=\"wp-block-column is-layout-flow wp-block-column-is-layout-flow\">\n<p class=\"has-black-color has-text-color has-link-color wp-elements-b9b1503b47da5319cd5638307a3a6f15\"><strong>Fue entonces cuando entend\u00ed la filosof\u00eda de <\/strong><a href=\"https:\/\/perfumhada.es\/\"><strong>Perfumhada<\/strong><\/a><strong>.<\/strong> No creemos que un perfume deba limitarse a oler bien. Creemos que debe hacerte sentir identificado cada vez que lo llevas. Porque cuando un aroma encaja contigo, deja de ser un producto para convertirse en una parte de tu historia.<\/p>\n\n\n\n<p class=\"has-black-color has-text-color has-link-color wp-elements-ac39bd53a8c4d2e06af244e77c1f7f10\"><strong>Con esa idea naci\u00f3 <\/strong><a href=\"https:\/\/perfumhada.es\/blog\/entrevista-con-el-perfumista-jimmy-boyd\/\"><strong>MINE<\/strong><\/a><strong>.<\/strong> No como una forma de complicar la perfumer\u00eda, sino de hacerla m\u00e1s personal. Quieren que cualquiera pueda disfrutar de la experiencia de <a href=\"https:\/\/perfumhada.es\/7-tu-perfume-a-medida\">crear un perfume<\/a> que sienta realmente suyo, sin necesidad de ser un experto. Porque <strong>personalizar un perfume no es cambiar una fragancia; es convertirla en un reflejo de qui\u00e9n eres.<\/strong><\/p>\n\n\n\n<p>Pero hay algo m\u00e1s. <strong>No solo son diferentes por ayudarte a crear un perfume m\u00e1s personal, sino tambi\u00e9n por permitirte elegir c\u00f3mo quieres vivirlo.<\/strong> Hay d\u00edas en los que buscas un aroma suave y otros en los que quieres que tenga m\u00e1s presencia. Por eso, en determinadas fragancias, puedes elegir entre la versi\u00f3n <strong>Perfume<\/strong> y la opci\u00f3n <strong>Perfume Elixir<\/strong>.<\/p>\n\n\n\n<p class=\"has-black-color has-text-color has-link-color wp-elements-f85ee4ad5f47f82201ee74bba0f2e79b\">Porque <strong>no solo eliges un aroma; tambi\u00e9n eliges la intensidad con la que quieres que te acompa\u00f1e.<\/strong><\/p>\n<\/div>\n<\/div>\n\n\n\n<h2 class=\"wp-block-heading has-text-color has-link-color has-large-font-size wp-elements-43513c977ad95d28acb1c67a7c012e3d\" style=\"color:#eb0f6e\"><strong><strong><strong><strong><strong><strong>\u00bfY t\u00fa? \u00bfQu\u00e9 historia quieres que cuente tu perfume?<\/strong><\/strong><\/strong><\/strong><\/strong><\/strong><\/h2>\n\n\n\n<p>Los perfumes pasan. Los recuerdos permanecen.<\/p>\n\n\n\n<p>Si un aroma puede acompa\u00f1arte durante a\u00f1os y formar parte de los momentos m\u00e1s importantes de tu vida, \u00bfpor qu\u00e9 conformarte con uno cualquiera?<\/p>\n\n\n\n<p class=\"has-black-color has-text-color has-link-color wp-elements-350191f765226cda1c62615971bdc80e\">En <a href=\"https:\/\/perfumhada.es\/\">Perfumhada<\/a> quieren ayudarte a encontrar un perfume que sientas como tuyo, <strong>personalizarlo <\/strong>cuando quieras hacerlo a\u00fan m\u00e1s especial y, en determinadas fragancias, elegir tambi\u00e9n la <strong>intensidad <\/strong>con la que quieres disfrutarlo.<\/p>\n\n\n\n<p>Porque <strong>no se trata solo de llevar un perfume, sino de llevar una parte de ti.<\/strong><\/p>\n\n\n\n<p><strong>Empieza hoy a descubrir el aroma que habla de ti.<\/strong><\/p>\n\n\n\n<p class=\"has-black-color has-text-color has-link-color wp-elements-87d8411ec8cf499ededdc03352c37500\"><a href=\"https:\/\/negociosdeprimera.es\/abre-tu-tienda-con-perfumhada\/\"><strong>Solicita tu estudio sin compromiso aqu\u00ed<\/strong>&nbsp;<\/a>o si prefieres hablar directamente,&nbsp;<a href=\"https:\/\/wa.me\/34681123826?text=Buenas%21%20Tengo%20un%20proyecto%20en%20mente%20pero%20necesitar%C3%ADa%20obtener%20m%C3%A1s%20informaci%C3%B3n%21%20Gracias\"><strong>escr\u00edbenos<\/strong><\/a>&nbsp;o llama al 633 724 028 \/\/&nbsp;&#x1f4e9;&nbsp;<a href=\"mailto:contacto@perfumhada.es\">contacto@perfumhada.es<\/a><\/p>\n\n\n\n<figure class=\"wp-block-gallery has-nested-images columns-default is-cropped wp-block-gallery-1 is-layout-flex wp-block-gallery-is-layout-flex\">\n<figure class=\"wp-block-image size-large\"><img loading=\"lazy\" decoding=\"async\" width=\"1024\" height=\"1024\" data-id=\"4795\" src=\"https:\/\/perfumhada.es\/blog\/wp-content\/uploads\/logo-perfumhada_Mesa-de-trabajo-1-1024x1024.png\" alt=\"\" class=\"wp-image-4795\"\/><\/figure>\n<\/figure>\n","protected":false},"excerpt":{"rendered":"<p>Hay momentos que cambian nuestra forma de ver las cosas. A m\u00ed me pas\u00f3 de la forma m\u00e1s inesperada. Caminaba por la calle cuando alguien pas\u00f3 a mi lado y dej\u00f3 tras de s\u00ed un aroma que conoc\u00eda perfectamente. En cuesti\u00f3n de segundos no estaba all\u00ed, sino a\u00f1os atr\u00e1s. Record\u00e9 una voz, una risa, un&nbsp;<\/p>\n<p><a class=\"btn btn-style\" href=\"https:\/\/perfumhada.es\/blog\/perfume-y-personalidad-una-historia-muy-tuya\/\">Seguir Leyendo&#8230;<\/a><\/p>\n","protected":false},"author":6,"featured_media":5111,"comment_status":"open","ping_status":"open","sticky":false,"template":"","format":"standard","meta":{"om_disable_all_campaigns":false,"_monsterinsights_skip_tracking":false,"_uf_show_specific_survey":0,"_uf_disable_surveys":false,"footnotes":""},"categories":[1],"tags":[],"class_list":["post-5103","post","type-post","status-publish","format-standard","has-post-thumbnail","hentry","category-sin-categoria"],"aioseo_notices":[],"jetpack_featured_media_url":"https:\/\/perfumhada.es\/blog\/wp-content\/uploads\/banners-01-1-scaled.png","_links":{"self":[{"href":"https:\/\/perfumhada.es\/blog\/wp-json\/wp\/v2\/posts\/5103","targetHints":{"allow":["GET"]}}],"collection":[{"href":"https:\/\/perfumhada.es\/blog\/wp-json\/wp\/v2\/posts"}],"about":[{"href":"https:\/\/perfumhada.es\/blog\/wp-json\/wp\/v2\/types\/post"}],"author":[{"embeddable":true,"href":"https:\/\/perfumhada.es\/blog\/wp-json\/wp\/v2\/users\/6"}],"replies":[{"embeddable":true,"href":"https:\/\/perfumhada.es\/blog\/wp-json\/wp\/v2\/comments?post=5103"}],"version-history":[{"count":7,"href":"https:\/\/perfumhada.es\/blog\/wp-json\/wp\/v2\/posts\/5103\/revisions"}],"predecessor-version":[{"id":5112,"href":"https:\/\/perfumhada.es\/blog\/wp-json\/wp\/v2\/posts\/5103\/revisions\/5112"}],"wp:featuredmedia":[{"embeddable":true,"href":"https:\/\/perfumhada.es\/blog\/wp-json\/wp\/v2\/media\/5111"}],"wp:attachment":[{"href":"https:\/\/perfumhada.es\/blog\/wp-json\/wp\/v2\/media?parent=5103"}],"wp:term":[{"taxonomy":"category","embeddable":true,"href":"https:\/\/perfumhada.es\/blog\/wp-json\/wp\/v2\/categories?post=5103"},{"taxonomy":"post_tag","embeddable":true,"href":"https:\/\/perfumhada.es\/blog\/wp-json\/wp\/v2\/tags?post=5103"}],"curies":[{"name":"wp","href":"https:\/\/api.w.org\/{rel}","templated":true}]}}