{"id":4279,"date":"2023-12-21T12:33:27","date_gmt":"2024-07-01T08:31:50","guid":{"rendered":"https:\/\/perfumhada.es\/blog\/?p=4279"},"modified":"2024-07-01T10:31:50","modified_gmt":"2024-07-01T08:31:50","slug":"emprendimiento-y-pasion-la-esencia-de-perfumhada-bajo-el-liderazgo-de-nieves-alvarez","status":"publish","type":"post","link":"https:\/\/perfumhada.es\/blog\/emprendimiento-y-pasion-la-esencia-de-perfumhada-bajo-el-liderazgo-de-nieves-alvarez\/","title":{"rendered":"Emprendimiento y Pasi\u00f3n: La esencia de Perfumhada bajo el liderazgo de Nieves Alvarez"},"content":{"rendered":"\n<h1 class=\"wp-block-heading\"><\/h1>\n\n\n\n<p>Nieves \u00c1lvarez \u00c1lvarez, emprendedora en diversos sectores comerciales, ha sentido a lo largo de su carrera profesional una constante inquietud por construir modelos de negocio, emprender de manera independiente y contribuir con sus ideas al desarrollo del tejido comercial de la sociedad. Inici\u00f3 su camino en el sector textil con tiendas de moda y progresivamente se adentr\u00f3 en otro sector estrechamente vinculado con la moda: el de la perfumer\u00eda, sumergi\u00e9ndose en el mundo de los aromas.<\/p>\n\n\n\n<p>En el a\u00f1o 2011, fund\u00f3&nbsp;<a href=\"https:\/\/www.franquiciashoy.es\/franquicias\/franquicias-de-perfumes-y-cosmetica\/perfumeria\/perfumhada\" target=\"_blank\" rel=\"noreferrer noopener\">Perfumhada<\/a>, proyecto que desde su inicio se convirti\u00f3 en un \u00e9xito. La empresa experiment\u00f3 un crecimiento significativo, alcanzando m\u00e1s de 70 tiendas en tan solo dos a\u00f1os y continu\u00f3 evolucionando en el sector con una visi\u00f3n clara: ofrecer oportunidades a aquellos emprendedores que, teniendo sue\u00f1os y talento, dispongan de recursos limitados para invertir.<\/p>\n\n\n\n<p>Perfumhada se distingue por no ser un modelo est\u00e1ndar o gen\u00e9rico de perfumer\u00eda de marca blanca o de equivalencia, sino que se presenta como una franquicia accesible para todos. \u00c1lvarez sostiene la firme creencia de que cada persona y cada marca pueden y deben tener su propio aroma distintivo.<\/p>\n\n\n\n<p>Seguir leyendo\u2026<a href=\"https:\/\/www.franquiciashoy.es\/actualidad\/entrevistas\/emprendimiento-y-pasion-la-esencia-de-perfumhada-bajo-el-liderazgo-de-nieves-alvarez-alvarez\" target=\"_blank\" rel=\"noreferrer noopener\">https:\/\/www.franquiciashoy.es\/actualidad\/entrevistas\/emprendimiento-y-pasion-la-esencia-de-perfumhada-bajo-el-liderazgo-de-nieves-alvarez-alvarez<\/a><\/p>\n","protected":false},"excerpt":{"rendered":"<p>Nieves \u00c1lvarez \u00c1lvarez, emprendedora en diversos sectores comerciales, ha sentido a lo largo de su carrera profesional una constante inquietud por construir modelos de negocio, emprender de manera independiente y contribuir con sus ideas al desarrollo del tejido comercial de la sociedad. Inici\u00f3 su camino en el sector textil con tiendas de moda y progresivamente&nbsp;<\/p>\n<p><a class=\"btn btn-style\" href=\"https:\/\/perfumhada.es\/blog\/emprendimiento-y-pasion-la-esencia-de-perfumhada-bajo-el-liderazgo-de-nieves-alvarez\/\">Seguir Leyendo&#8230;<\/a><\/p>\n","protected":false},"author":8,"featured_media":4280,"comment_status":"open","ping_status":"open","sticky":false,"template":"","format":"standard","meta":{"om_disable_all_campaigns":false,"_monsterinsights_skip_tracking":false,"_monsterinsights_sitenote_active":false,"_monsterinsights_sitenote_note":"","_monsterinsights_sitenote_category":0,"_uf_show_specific_survey":0,"_uf_disable_surveys":false,"footnotes":""},"categories":[1],"tags":[],"class_list":["post-4279","post","type-post","status-publish","format-standard","has-post-thumbnail","hentry","category-sin-categoria"],"aioseo_notices":[],"jetpack_featured_media_url":"https:\/\/perfumhada.es\/blog\/wp-content\/uploads\/0jH0uHNO43LYVqUowLHHtjGxKghh0hCzGN98D2aP-770x340-1.png","_links":{"self":[{"href":"https:\/\/perfumhada.es\/blog\/wp-json\/wp\/v2\/posts\/4279","targetHints":{"allow":["GET"]}}],"collection":[{"href":"https:\/\/perfumhada.es\/blog\/wp-json\/wp\/v2\/posts"}],"about":[{"href":"https:\/\/perfumhada.es\/blog\/wp-json\/wp\/v2\/types\/post"}],"author":[{"embeddable":true,"href":"https:\/\/perfumhada.es\/blog\/wp-json\/wp\/v2\/users\/8"}],"replies":[{"embeddable":true,"href":"https:\/\/perfumhada.es\/blog\/wp-json\/wp\/v2\/comments?post=4279"}],"version-history":[{"count":3,"href":"https:\/\/perfumhada.es\/blog\/wp-json\/wp\/v2\/posts\/4279\/revisions"}],"predecessor-version":[{"id":4281,"href":"https:\/\/perfumhada.es\/blog\/wp-json\/wp\/v2\/posts\/4279\/revisions\/4281"}],"wp:featuredmedia":[{"embeddable":true,"href":"https:\/\/perfumhada.es\/blog\/wp-json\/wp\/v2\/media\/4280"}],"wp:attachment":[{"href":"https:\/\/perfumhada.es\/blog\/wp-json\/wp\/v2\/media?parent=4279"}],"wp:term":[{"taxonomy":"category","embeddable":true,"href":"https:\/\/perfumhada.es\/blog\/wp-json\/wp\/v2\/categories?post=4279"},{"taxonomy":"post_tag","embeddable":true,"href":"https:\/\/perfumhada.es\/blog\/wp-json\/wp\/v2\/tags?post=4279"}],"curies":[{"name":"wp","href":"https:\/\/api.w.org\/{rel}","templated":true}]}}