{"id":4252,"date":"2024-05-13T10:06:08","date_gmt":"2024-06-27T08:06:08","guid":{"rendered":"https:\/\/perfumhada.es\/blog\/?p=4252"},"modified":"2024-07-25T13:18:54","modified_gmt":"2024-07-25T11:18:54","slug":"entrevista-con-el-perfumista-jimmy-boyd","status":"publish","type":"post","link":"https:\/\/perfumhada.es\/blog\/entrevista-con-el-perfumista-jimmy-boyd\/","title":{"rendered":"ENTREVISTA CON EL PERFUMISTA \u2013 PH MINE"},"content":{"rendered":"\n<p>La innovaci\u00f3n es una de las claves m\u00e1s importantes cuando se trata de emprender y, m\u00e1s a\u00fan, de mantener siempre arriba un negocio o empresa.<\/p>\n\n\n\n<p><strong>Sin innovaci\u00f3n no hay empresa sostenible.<\/strong><\/p>\n\n\n\n<p>En Perfumhada unimos estos dos conceptos, innovaci\u00f3n y sostenibilidad, en un proyecto revolucionario, Mine (Mio). Y la mejor forma de conocerlo es a trav\u00e9s de uno de sus fundadores, Jimmy Boyd Perfumista.<\/p>\n\n\n\n<p class=\"has-medium-font-size\"><strong>Entrevista con el perfumista Jimmy Boyd<\/strong><strong><\/strong><\/p>\n\n\n\n<ul class=\"wp-block-list\">\n<li><strong>Jimmy tu procedes de una vocaci\u00f3n generacional de perfumistas. \u00bfCu\u00e1ntos a\u00f1os llevas dedicado a la perfumer\u00eda?<\/strong><\/li>\n<\/ul>\n\n\n\n<blockquote class=\"wp-block-quote is-layout-flow wp-block-quote-is-layout-flow\">\n<p>Se puede decir que nac\u00ed en un laboratorio de perfumer\u00eda. Cuando yo ten\u00eda 1 a\u00f1o, mis padres fundaron su peque\u00f1a f\u00e1brica en un pueblo a 30 minutos de Barcelona. Mis primeros recuerdos son en esa peque\u00f1a casita, en el bosque, sus olores, sus jardines salvajes, sus estanques llenos flores de loto acompa\u00f1ada de una sinfon\u00eda del canto incansable de las ranas. En esa casita pas\u00e9 todas las tardes de mi infancia al salir del colegio y varios meses de mis vacaciones escolares. Siempre cre\u00ed que aquello era mi vida y nunca me he despegado de ello. Mi padre me ense\u00f1\u00f3 el oficio de la perfumer\u00eda emocional y luego complet\u00e9 mis estudios perfum\u00edsticos en Grasse.<\/p>\n<\/blockquote>\n\n\n\n<figure class=\"wp-block-image size-large\"><img srcset=\"https:\/\/perfumhada.es\/blog\/wp-content\/uploads\/EL-PERFUME-MAS-CARO-DEL-MUNDO-120x80.jpg 120w, https:\/\/perfumhada.es\/blog\/wp-content\/uploads\/EL-PERFUME-MAS-CARO-DEL-MUNDO-150x150.jpg 150w, https:\/\/perfumhada.es\/blog\/wp-content\/uploads\/EL-PERFUME-MAS-CARO-DEL-MUNDO-250x220.jpg 250w, https:\/\/perfumhada.es\/blog\/wp-content\/uploads\/EL-PERFUME-MAS-CARO-DEL-MUNDO-300x169.jpg 300w, https:\/\/perfumhada.es\/blog\/wp-content\/uploads\/EL-PERFUME-MAS-CARO-DEL-MUNDO-380x330.jpg 380w, https:\/\/perfumhada.es\/blog\/wp-content\/uploads\/EL-PERFUME-MAS-CARO-DEL-MUNDO-768x432.jpg 768w, https:\/\/perfumhada.es\/blog\/wp-content\/uploads\/EL-PERFUME-MAS-CARO-DEL-MUNDO-770x340.jpg 770w, https:\/\/perfumhada.es\/blog\/wp-content\/uploads\/EL-PERFUME-MAS-CARO-DEL-MUNDO-1024x576.jpg 1024w, https:\/\/perfumhada.es\/blog\/wp-content\/uploads\/EL-PERFUME-MAS-CARO-DEL-MUNDO-1140x500.jpg 1140w, https:\/\/perfumhada.es\/blog\/wp-content\/uploads\/EL-PERFUME-MAS-CARO-DEL-MUNDO-1536x864.jpg 1536w, https:\/\/perfumhada.es\/blog\/wp-content\/uploads\/EL-PERFUME-MAS-CARO-DEL-MUNDO.jpg 1920w\" sizes=\"(min-width: 1536px) 1920px, (min-width: 1140px) 1536px, (min-width: 1024px) 1140px, (min-width: 770px) 1024px, (min-width: 768px) 770px, (min-width: 380px) 768px, (min-width: 300px) 380px, (min-width: 250px) 300px, (min-width: 150px) 250px, (min-width: 120px) 150px, 120px\" alt=\"\" class=\"wp-image-4261\"><\/figure>\n\n\n\n<div style=\"height:23px\" aria-hidden=\"true\" class=\"wp-block-spacer\"><\/div>\n\n\n\n<ul class=\"wp-block-list\">\n<li><strong>\u00bfCu\u00e1l es el aroma que has creado que te ha provocado m\u00e1s emoci\u00f3n?<\/strong><\/li>\n<\/ul>\n\n\n\n<blockquote class=\"wp-block-quote is-layout-flow wp-block-quote-is-layout-flow\">\n<p>No he creado nada que no me emocione, tengo la suerte de trabajar en un oficio directamente conectado con la emoci\u00f3n m\u00e1s racional posible, el olfato. Este es un \u00f3rgano m\u00e1gico que es capaz de remover los m\u00e1s \u00edntimos sentimientos.&nbsp; Si que es verdad que cuando trabajo con ni\u00f1os me emociono m\u00e1s si puede.<\/p>\n<\/blockquote>\n\n\n\n<ul class=\"wp-block-list\">\n<li><strong>Jimmy, tienes el privilegio de dedicarte a una de las profesiones m\u00e1s bonitas del mundo, provocar sensaciones y emociones, a trav\u00e9s de tus creaciones arom\u00e1ticas. \u00bfCrees que cada persona puede crear su propia fragancia?<\/strong><\/li>\n<\/ul>\n\n\n\n<blockquote class=\"wp-block-quote is-layout-flow wp-block-quote-is-layout-flow\">\n<p>La mayor\u00eda no somos capaces de pintar un \u00f3leo, pero s\u00ed de visualizar una imagen, la mayor\u00eda no sabemos solfeo, pero podemos cantar una melod\u00eda, tambi\u00e9n nos inventamos acordes gustativos en casa sin haber estudiado gastronom\u00eda, somos capaces de hacer un masaje agradable sin ser terapeutas\u2026 Somos seres humanos, y los sentidos son nuestro canal de expresi\u00f3n, as\u00ed que creamos el <a href=\"https:\/\/perfumhada.es\/33-mine\"><strong><mark style=\"background-color:rgba(0, 0, 0, 0)\" class=\"has-inline-color has-vivid-purple-color\">MINE<\/mark><\/strong><\/a>, una herramienta para poder dar forma a nuestras emociones olfativas de una forma f\u00e1cil y sencilla.<\/p>\n\n\n\n<p>Solo se necesita simplificar el proceso de creaci\u00f3n con una gu\u00eda, como hacemos en Mine. Claramente, el cliente no ha estudiado la profesi\u00f3n de perfumista, pero se parte ya de unas bases creadas por nosotros y tan solo hay que a\u00f1adir las esencias que nos provoquen emoci\u00f3n y que est\u00e1n ya identificadas para que sepamos con que combinaciones dar\u00e1n un resultado ideal, \u00fanico.<\/p>\n<\/blockquote>\n\n\n\n<ul class=\"wp-block-list\">\n<li><strong>Es una idea innovadora y muy tentadora. Expl\u00edcanos cual es el concepto principal<\/strong><\/li>\n<\/ul>\n\n\n\n<blockquote class=\"wp-block-quote is-layout-flow wp-block-quote-is-layout-flow\">\n<p>Mi padre siempre ha pensado, y me ha transmitido, la idea de que cada persona tiene su propio olor, particular y \u00fanico. Y nos emocion\u00f3 mucho la propuesta de que esto se pudiera materializar en la realidad, a trav\u00e9s de <a href=\"https:\/\/perfumhada.es\/33-mine\"><mark style=\"background-color:rgba(0, 0, 0, 0)\" class=\"has-inline-color has-vivid-purple-color\"><strong>Mine Perfumhada<\/strong><\/mark><\/a>. Un sistema con el que todos podamos crear aromas, ya sean personales o para nuestros ambientes, que fueran \u00fanicos, propios y diferentes a los de otras personas. Que, igual que somos \u00fanicos como personas, lo seamos tambi\u00e9n como aromas. Una identidad olfativa.<\/p>\n<\/blockquote>\n\n\n\n<figure class=\"wp-block-image size-large\"><img loading=\"lazy\" decoding=\"async\" width=\"2560\" height=\"1440\" src=\"https:\/\/perfumhada.es\/blog\/wp-content\/uploads\/Firefly-woman-smiling-mixing-liquids-and-putting-then-in-a-perfume-bottle-with-a-small-dropper-to-ma-edited-scaled.jpg\" alt=\"\" class=\"wp-image-4267\"\/><\/figure>\n\n\n\n<div style=\"height:50px\" aria-hidden=\"true\" class=\"wp-block-spacer\"><\/div>\n\n\n\n<ul class=\"wp-block-list\">\n<li><strong>La idea adem\u00e1s de innovadora es que fuera sostenible. \u00bfComo lo consegu\u00eds?<\/strong><\/li>\n<\/ul>\n\n\n\n<blockquote class=\"wp-block-quote is-layout-flow wp-block-quote-is-layout-flow\">\n<p>Todo lo que compone el proyecto <a href=\"https:\/\/perfumhada.es\/33-mine\"><mark style=\"background-color:rgba(0, 0, 0, 0)\" class=\"has-inline-color has-vivid-purple-color\"><strong>Mine<\/strong><\/mark><\/a><mark style=\"background-color:rgba(0, 0, 0, 0)\" class=\"has-inline-color has-vivid-purple-color\"><strong> <\/strong><\/mark>es b\u00e1sicamente un DIY (hazlo t\u00fa mismo). Se trata de utilizar las materias primas b\u00e1sicas para crear, por tanto, todo son monodosis sobre envases rellenables y reutilizables. Conseguimos eliminar gran parte del pl\u00e1stico, cajas, etiquetados, celofanes, etc\u2026 Es un poco como un trabajo artesano, no industrializado.<\/p>\n<\/blockquote>\n\n\n\n<ul class=\"wp-block-list\">\n<li><strong>Adem\u00e1s de esto, en Perfumhada, para guiar a los apasionados de los perfumes a la hora de crear su perfume ideal ten\u00e9is un Test de Perfume y Personalidad espectacular. \u00bfNos puedes decir alguna de las combinaciones ideales para alguna personalidad?<\/strong><\/li>\n<\/ul>\n\n\n\n<blockquote class=\"wp-block-quote is-layout-flow wp-block-quote-is-layout-flow\">\n<p>Cuando tu entras en una tienda de ropa visualizas, procesas y decides lo que te gusta. En una perfumer\u00eda los olores est\u00e1n atrapados en una botella, ser\u00eda lo equivalente a escoger la ropa a ciegas. Hoy en d\u00eda existen miles de marcas con miles de opciones pero la mayor\u00eda no estamos habituados a oler m\u00e1s de 4,5 fragancias en un corto espacio de tiempo, as\u00ed que encontrar el perfume que representa tu vida, tu forma de ser y tu imagen se convierte en una tarea al azar. Por ello, mi padre cre\u00f3 el primer <strong><a href=\"https:\/\/perfumhada.es\/blog\/personalidad-y-perfume\/\"><mark style=\"background-color:rgba(0, 0, 0, 0)\" class=\"has-inline-color has-vivid-purple-color\">TEST DEL PERFUME<\/mark><\/a><\/strong> basados en los resultados de los estudios realizados durante toda su vida y con este Test guiamos a cada persona hasta que descubre cu\u00e1l es su esencia.<\/p>\n<\/blockquote>\n\n\n\n<ul class=\"wp-block-list\">\n<li><strong>\u00bfComo ves la perfumer\u00eda del futuro?<\/strong><\/li>\n<\/ul>\n\n\n\n<blockquote class=\"wp-block-quote is-layout-flow wp-block-quote-is-layout-flow\">\n<p>Una cosa es como la veo y otra como la deseo. Prefiero describir mi deseo: Deseo que la gente tome consciencia de este maravilloso \u00f3rgano olfativo que llevamos incorporado de serie cuando nacemos y dejemos de escoger los perfumes por su nombre, para que empecemos a elegirlos por lo que despiertan en nuestros corazones. Y eso pasa por la propia personalizaci\u00f3n, puesto que nadie te conoce mejor que t\u00fa mismo.<\/p>\n<\/blockquote>\n\n\n\n<ul class=\"wp-block-list\">\n<li><strong>\u00bfC\u00f3mo influyen las tendencias actuales en el mundo de la perfumer\u00eda en las fragancias que desarrollas para Perfumhada?<\/strong><\/li>\n<\/ul>\n\n\n\n<blockquote class=\"wp-block-quote is-layout-flow wp-block-quote-is-layout-flow\">\n<p>Las tendencias actuales se enfocan claramente en la personalizaci\u00f3n y la sostenibilidad. Con el Mine y con las fragancias recargables.<\/p>\n<\/blockquote>\n\n\n\n<figure class=\"wp-block-image size-full\"><img loading=\"lazy\" decoding=\"async\" width=\"800\" height=\"450\" src=\"https:\/\/perfumhada.es\/blog\/wp-content\/uploads\/LAYERING-PERFUMHADA-2-edited.jpg\" alt=\"\" class=\"wp-image-4263\"\/><\/figure>\n\n\n\n<ul class=\"wp-block-list\">\n<li><strong>\u00bfHay alguna tendencia que te haya inspirado recientemente para una nueva l\u00ednea de productos?<\/strong><\/li>\n<\/ul>\n\n\n\n<blockquote class=\"wp-block-quote is-layout-flow wp-block-quote-is-layout-flow\">\n<p>Si, una de las tendencias m\u00e1s actuales es el Layering de Perfumes, un concepto muy de moda, popular y apasionante.<\/p>\n\n\n\n<p>El Layering de perfumes consiste en la personalizaci\u00f3n y la intensidad arom\u00e1tica a medida, y nada mejor para practicar el layering que este modelo de negocio, Perfumhada Mine, en el que el cliente puede perfumarse por capas con los m\u00faltiples productos que hay disponibles y realizar mezclas de perfume y creaciones de una forma guiada y f\u00e1cil.<\/p>\n<\/blockquote>\n\n\n\n<ul class=\"wp-block-list\">\n<li><strong>\u00bfQu\u00e9 visi\u00f3n tienes para el futuro de Perfumhada como franquicia? \u00bfHay planes para introducir nuevas l\u00edneas de productos o expandirse a nuevos mercados?<\/strong><\/li>\n<\/ul>\n\n\n\n<blockquote class=\"wp-block-quote is-layout-flow wp-block-quote-is-layout-flow\">\n<p>Perfumhada tiene ya su ruta marcada, clara y definida. Apostamos por los perfumes personales y \u00fanicos, para personas y marcas. Y todas las se\u00f1ales apuntan a que eso es lo que nos hace ser diferentes, y el motivo de cada nueva apertura.<\/p>\n<\/blockquote>\n\n\n\n<ul class=\"wp-block-list\">\n<li><strong>\u00bfAlg\u00fan consejo para nuestros nuevos emprendedores de perfumer\u00eda?<\/strong><\/li>\n<\/ul>\n\n\n\n<blockquote class=\"wp-block-quote is-layout-flow wp-block-quote-is-layout-flow\">\n<p>Simplemente agradecer que se hayan aproximado a la pura perfumer\u00eda emocional que representa el <a href=\"https:\/\/www.perfumesamedida.com\/\"><mark style=\"background-color:rgba(0, 0, 0, 0)\" class=\"has-inline-color has-vivid-purple-color\"><strong>MINE<\/strong><\/mark><\/a>, y que intenten guiar a sus clientes a trav\u00e9s del coraz\u00f3n, porque solo as\u00ed se fideliza de verdad y se produce el cambio de vendedor\/cliente a consejero\/amigo.<\/p>\n<\/blockquote>\n\n\n\n<p><strong>\u00bfContamos con tu presencia en las nuevas aperturas de Perfumhada Mine?<\/strong><\/p>\n\n\n\n<blockquote class=\"wp-block-quote is-layout-flow wp-block-quote-is-layout-flow\">\n<p>\u00a1\u00a1Por supuesto!!<\/p>\n<\/blockquote>\n\n\n\n<figure class=\"wp-block-gallery has-nested-images columns-default is-cropped wp-block-gallery-1 is-layout-flex wp-block-gallery-is-layout-flex\">\n<figure class=\"wp-block-image size-large\"><a href=\"https:\/\/perfumhada.es\/content\/22-abre-tu-tienda\"><img loading=\"lazy\" decoding=\"async\" width=\"300\" height=\"310\" data-id=\"4257\" src=\"https:\/\/perfumhada.es\/blog\/wp-content\/uploads\/OPCION-1-ABRIR-TIENDAS.jpg\" alt=\"\" class=\"wp-image-4257\"\/><\/a><\/figure>\n\n\n\n<figure class=\"wp-block-image size-large\"><a href=\"https:\/\/negociosdeprimera.es\/formulario-de-contacto\/\"><img loading=\"lazy\" decoding=\"async\" width=\"300\" height=\"310\" data-id=\"4258\" src=\"https:\/\/perfumhada.es\/blog\/wp-content\/uploads\/OPCION-1-MARCA-CONFIGURADOR-2.jpg\" alt=\"\" class=\"wp-image-4258\"\/><\/a><\/figure>\n\n\n\n<figure class=\"wp-block-image size-large\"><a href=\"https:\/\/www.perfumesamedida.com\/\"><img loading=\"lazy\" decoding=\"async\" width=\"300\" height=\"310\" data-id=\"4259\" src=\"https:\/\/perfumhada.es\/blog\/wp-content\/uploads\/OPCION-1-CONFIGURADOR.jpg\" alt=\"\" class=\"wp-image-4259\"\/><\/a><\/figure>\n<\/figure>\n","protected":false},"excerpt":{"rendered":"<p>La innovaci\u00f3n es una de las claves m\u00e1s importantes cuando se trata de emprender y, m\u00e1s a\u00fan, de mantener siempre arriba un negocio o empresa. Sin innovaci\u00f3n no hay empresa sostenible. En Perfumhada unimos estos dos conceptos, innovaci\u00f3n y sostenibilidad, en un proyecto revolucionario, Mine (Mio). Y la mejor forma de conocerlo es a trav\u00e9s&nbsp;<\/p>\n<p><a class=\"btn btn-style\" href=\"https:\/\/perfumhada.es\/blog\/entrevista-con-el-perfumista-jimmy-boyd\/\">Seguir Leyendo&#8230;<\/a><\/p>\n","protected":false},"author":8,"featured_media":4253,"comment_status":"open","ping_status":"open","sticky":false,"template":"","format":"standard","meta":{"om_disable_all_campaigns":false,"_monsterinsights_skip_tracking":false,"_monsterinsights_sitenote_active":false,"_monsterinsights_sitenote_note":"","_monsterinsights_sitenote_category":0,"_uf_show_specific_survey":0,"_uf_disable_surveys":false,"footnotes":""},"categories":[7,29],"tags":[],"class_list":["post-4252","post","type-post","status-publish","format-standard","has-post-thumbnail","hentry","category-entrevistas","category-franquicia"],"aioseo_notices":[],"jetpack_featured_media_url":"https:\/\/perfumhada.es\/blog\/wp-content\/uploads\/BLOG-BANNER-PERFUMHADA.jpg","_links":{"self":[{"href":"https:\/\/perfumhada.es\/blog\/wp-json\/wp\/v2\/posts\/4252","targetHints":{"allow":["GET"]}}],"collection":[{"href":"https:\/\/perfumhada.es\/blog\/wp-json\/wp\/v2\/posts"}],"about":[{"href":"https:\/\/perfumhada.es\/blog\/wp-json\/wp\/v2\/types\/post"}],"author":[{"embeddable":true,"href":"https:\/\/perfumhada.es\/blog\/wp-json\/wp\/v2\/users\/8"}],"replies":[{"embeddable":true,"href":"https:\/\/perfumhada.es\/blog\/wp-json\/wp\/v2\/comments?post=4252"}],"version-history":[{"count":10,"href":"https:\/\/perfumhada.es\/blog\/wp-json\/wp\/v2\/posts\/4252\/revisions"}],"predecessor-version":[{"id":4513,"href":"https:\/\/perfumhada.es\/blog\/wp-json\/wp\/v2\/posts\/4252\/revisions\/4513"}],"wp:featuredmedia":[{"embeddable":true,"href":"https:\/\/perfumhada.es\/blog\/wp-json\/wp\/v2\/media\/4253"}],"wp:attachment":[{"href":"https:\/\/perfumhada.es\/blog\/wp-json\/wp\/v2\/media?parent=4252"}],"wp:term":[{"taxonomy":"category","embeddable":true,"href":"https:\/\/perfumhada.es\/blog\/wp-json\/wp\/v2\/categories?post=4252"},{"taxonomy":"post_tag","embeddable":true,"href":"https:\/\/perfumhada.es\/blog\/wp-json\/wp\/v2\/tags?post=4252"}],"curies":[{"name":"wp","href":"https:\/\/api.w.org\/{rel}","templated":true}]}}