{"id":4065,"date":"2021-12-14T15:30:42","date_gmt":"2021-12-14T13:30:42","guid":{"rendered":"https:\/\/www.perfumhada.es\/blog\/?p=4065"},"modified":"2021-12-14T16:20:44","modified_gmt":"2021-12-14T14:20:44","slug":"abre-tu-perfumeria-en-tiempo-record","status":"publish","type":"post","link":"https:\/\/perfumhada.es\/blog\/abre-tu-perfumeria-en-tiempo-record\/","title":{"rendered":"ABRE TU PERFUMER\u00cdA EN TIEMPO R\u00c9CORD"},"content":{"rendered":"<h1><strong>CON AYUDA TODO ES POSIBLE<\/strong><\/h1>\n<p>Un a\u00f1o m\u00e1s, la fant\u00e1stica promoci\u00f3n que lanza la marca Perfumhada en la campa\u00f1a Black Friday y la campa\u00f1a navide\u00f1a con el fin de impulsar el autoempleo y ayudar a todos los emprendedores a montar su propio negocio esta dando sus frutos.<\/p>\n<p>Susana y Mar\u00eda se interesaron en la marca por las facilidades que ofrece Perfumhada y por el asesoramiento personalizado, pero una vez probaron los perfumes, se decidieron por su alta calidad y su durabilidad.<\/p>\n<p>Hoy <strong>entrevistamos a Susana y Mar\u00eda<\/strong>, responsables de invadir la preciosa localidad de<strong> Barbate<\/strong> con sus fragancias. Su gran apuesta: la alta perfumer\u00eda accesible, al alcance de todos. La nueva tienda se ha puesto en marcha en tiempo r\u00e9cord gracias a la implicaci\u00f3n de todo el equipo, para que todos podamos perfumarnos y perfumar nuestros espacios a precios incre\u00edbles.<\/p>\n<p>&nbsp;<\/p>\n<h2><strong>UN MUNDO DE FRAGANCIAS EN BARBATE: SUSANA Y MAR\u00cdA<\/strong><\/h2>\n<ul>\n<li><strong>En primer lugar felicitaros por vuestro nuevo negocio. \u00bfTen\u00edais experiencia anterior a la hora de emprender?<\/strong><\/li>\n<\/ul>\n<p><em>S\u00ed, pero fue una experiencia diferente. En aquella ocasi\u00f3n fue por cuenta propia y no result\u00f3 muy bien. Esta vez quer\u00edamos hacerlo conociendo lo m\u00e1ximo del negocio.<\/em><\/p>\n<p>&nbsp;<\/p>\n<ul>\n<li><strong>Hab\u00e9is escogido un modelo de negocio en formato Franquicia en lugar de poner algo por vuestra cuenta. \u00bfPor qu\u00e9?<\/strong><\/li>\n<\/ul>\n<p><em>Sobre todo por el respaldo. Nos da mucha m\u00e1s seguridad estar bajo el ala de una franquicia que lanzarnos por nuestra cuenta en un momento como este.\u00a0<\/em><em><a href=\"https:\/\/es.linkedin.com\/pulse\/por-qu\u00e9-las-franquicias-tienen-un-80-de-\u00e9xito-y-los-juliani-suanzes\">Las estad\u00edsticas en este caso nos avalan totalmente\u00a0<\/a><\/em><\/p>\n<p>&nbsp;<\/p>\n<ul>\n<li><strong>\u00bf Por qu\u00e9 os decidisteis a emprender en el mundo de la perfumer\u00eda de marca blanca o equivalencia?<\/strong><\/li>\n<\/ul>\n<p><em>Ve\u00edamos una oportunidad muy buena en Barbate, ya que aqu\u00ed, en nuestro pueblo, no hay perfumer\u00edas ni nada parecido. Mucho menos una marca tan original como esta.<\/em><\/p>\n<p>&nbsp;<\/p>\n<ul>\n<li><strong>Suponemos que una vez decidido el sector consultar\u00edais muchas opciones, presupuestos, marcas, etc. \u00bfQu\u00e9 os llamo mas la atenci\u00f3n de la marca Perfumhada?<\/strong><\/li>\n<\/ul>\n<p><em>Lo que m\u00e1s nos gust\u00f3 fue el dise\u00f1o de la marca y la novedad de la perfumer\u00eda a medida con el proyecto MINE.<\/em><\/p>\n<p>&nbsp;<\/p>\n<ul>\n<li><strong>\u00bfHab\u00e9is encontrado en la marca el apoyo, formaci\u00f3n, asistencia, que necesitabais para emprender de forma mas f\u00e1cil?<\/strong><\/li>\n<\/ul>\n<p><em>S\u00ed, estamos muy contentas. No ten\u00edamos mucha idea de este tipo de mercado y la formaci\u00f3n y la asesor\u00eda de PerfumHada ha sido crucial para ponerlo todo en marcha.<\/em><\/p>\n<p>&nbsp;<\/p>\n<ul>\n<li><strong>Somos conscientes de que a la hora de emprender no es todo de color de rosa y hay muchas situaciones que superar, y que eso a la vez nos hace crecer mucho y descubrir que tenemos muchas capacidades que no conoc\u00edamos hasta este momento. \u00bfCu\u00e1l ha sido el mejor momento que hab\u00e9is vivido ambas en este proceso de emprender?<\/strong><\/li>\n<\/ul>\n<p><em>Nos ha gustado todo el proceso que hemos pasado hasta la apertura. Ha sido un camino intenso de muchas risas y alg\u00fan llanto, como es natural. Estamos encantadas con el equipo de apoyo.<\/em><\/p>\n<p>&nbsp;<\/p>\n<ul>\n<li><strong>Actualmente ya ten\u00e9is vuestra tienda abierta al p\u00fablico. \u00bfQu\u00e9 les dir\u00edais a los clientes sobre vuestros productos para que vinieran a visitaros y los conocieran?<\/strong><\/li>\n<\/ul>\n<p><em>La tienda est\u00e1 teniendo muy buena acogida porque es un producto poco conocido en nuestra zona, los clientes se acercan a preguntarnos en qu\u00e9 consiste la equivalencia y salen muy sorprendidos y contentos por la calidad.<\/em><\/p>\n<p><em>Les decimos la verdad, que son lo mejor de lo mejor y que no se van a arrepentir de cambiar los perfumes tradicionales por los de PerfumHada.<\/em><\/p>\n<p>&nbsp;<\/p>\n<p>En la actualidad cada vez es m\u00e1s motivador descubrir la valent\u00eda y entusiasmo de personas que emprenden su propio negocio, que se atreven a romper limites y superar sus miedos creando con ello su propio puesto de trabajo, sin depender de nadie y aportando mucho valor a esta sociedad en la que todos vivimos. Dando ejemplo.<\/p>\n<p>Os deseamos sinceramente mucho \u00e9xito en este negocio, que siempre manteng\u00e1is la ilusi\u00f3n y agradecemos el valor que aport\u00e1is con vuestro ejemplo para todas las mujeres emprendedoras.<\/p>\n<p>\u00a1Felicidades!<\/p>\n<p>&nbsp;<\/p>\n<p><img loading=\"lazy\" decoding=\"async\" class=\"aligncenter size-full wp-image-765\" src=\"https:\/\/www.perfumhada.es\/blog\/wp-content\/uploads\/separador-noticias.png\" alt=\"\" width=\"600\" height=\"60\" \/><\/p>\n<p>&nbsp;<\/p>\n<p><span style=\"color: #333333;\">Si tu tambi\u00e9n tienes claro que quieres trabajar y no depender o esperar a que te contraten aqu\u00ed tienes una opci\u00f3n en auge. El auto empleo.\u00a0<\/span><\/p>\n<p><span style=\"color: #333333;\">APROVECHA LA OPORTUNIDAD QUE LA MARCA TE BRINDA PARA ESTAS NAVIDADES\u00a0<\/span><\/p>\n<p><a href=\"https:\/\/www.perfumhada.es\/franquicia.html\"><img srcset=\"https:\/\/perfumhada.es\/blog\/wp-content\/uploads\/CTA-120x80.jpg 120w, https:\/\/perfumhada.es\/blog\/wp-content\/uploads\/CTA-150x150.jpg 150w, https:\/\/perfumhada.es\/blog\/wp-content\/uploads\/CTA-250x220.jpg 250w, https:\/\/perfumhada.es\/blog\/wp-content\/uploads\/CTA-300x109.jpg 300w, https:\/\/perfumhada.es\/blog\/wp-content\/uploads\/CTA-380x330.jpg 380w, https:\/\/perfumhada.es\/blog\/wp-content\/uploads\/CTA-768x280.jpg 768w, https:\/\/perfumhada.es\/blog\/wp-content\/uploads\/CTA-770x340.jpg 770w, https:\/\/perfumhada.es\/blog\/wp-content\/uploads\/CTA-1024x373.jpg 1024w, https:\/\/perfumhada.es\/blog\/wp-content\/uploads\/CTA-1140x500.jpg 1140w, https:\/\/perfumhada.es\/blog\/wp-content\/uploads\/CTA.jpg 1920w\" sizes=\"(min-width: 1140px) 1920px, (min-width: 1024px) 1140px, (min-width: 770px) 1024px, (min-width: 768px) 770px, (min-width: 380px) 768px, (min-width: 300px) 380px, (min-width: 250px) 300px, (min-width: 150px) 250px, (min-width: 120px) 150px, 120px\" class=\"aligncenter size-large wp-image-4058\" alt=\"\" width=\"100%\" height=\"auto\"><\/a><\/p>\n","protected":false},"excerpt":{"rendered":"<p>CON AYUDA TODO ES POSIBLE Un a\u00f1o m\u00e1s, la fant\u00e1stica promoci\u00f3n que lanza la marca Perfumhada en la campa\u00f1a Black Friday y la campa\u00f1a navide\u00f1a con el fin de impulsar el autoempleo y ayudar a todos los emprendedores a montar su propio negocio esta dando sus frutos. Susana y Mar\u00eda se interesaron en la marca&nbsp;<\/p>\n<p><a class=\"btn btn-style\" href=\"https:\/\/perfumhada.es\/blog\/abre-tu-perfumeria-en-tiempo-record\/\">Seguir Leyendo&#8230;<\/a><\/p>\n","protected":false},"author":2,"featured_media":4074,"comment_status":"open","ping_status":"open","sticky":false,"template":"","format":"standard","meta":{"om_disable_all_campaigns":false,"_monsterinsights_skip_tracking":false,"_monsterinsights_sitenote_active":false,"_monsterinsights_sitenote_note":"","_monsterinsights_sitenote_category":0,"_uf_show_specific_survey":0,"_uf_disable_surveys":false,"footnotes":""},"categories":[7,29],"tags":[],"class_list":["post-4065","post","type-post","status-publish","format-standard","has-post-thumbnail","hentry","category-entrevistas","category-franquicia"],"aioseo_notices":[],"jetpack_featured_media_url":"https:\/\/perfumhada.es\/blog\/wp-content\/uploads\/Barbate_Entrevista.jpg","_links":{"self":[{"href":"https:\/\/perfumhada.es\/blog\/wp-json\/wp\/v2\/posts\/4065","targetHints":{"allow":["GET"]}}],"collection":[{"href":"https:\/\/perfumhada.es\/blog\/wp-json\/wp\/v2\/posts"}],"about":[{"href":"https:\/\/perfumhada.es\/blog\/wp-json\/wp\/v2\/types\/post"}],"author":[{"embeddable":true,"href":"https:\/\/perfumhada.es\/blog\/wp-json\/wp\/v2\/users\/2"}],"replies":[{"embeddable":true,"href":"https:\/\/perfumhada.es\/blog\/wp-json\/wp\/v2\/comments?post=4065"}],"version-history":[{"count":9,"href":"https:\/\/perfumhada.es\/blog\/wp-json\/wp\/v2\/posts\/4065\/revisions"}],"predecessor-version":[{"id":4077,"href":"https:\/\/perfumhada.es\/blog\/wp-json\/wp\/v2\/posts\/4065\/revisions\/4077"}],"wp:featuredmedia":[{"embeddable":true,"href":"https:\/\/perfumhada.es\/blog\/wp-json\/wp\/v2\/media\/4074"}],"wp:attachment":[{"href":"https:\/\/perfumhada.es\/blog\/wp-json\/wp\/v2\/media?parent=4065"}],"wp:term":[{"taxonomy":"category","embeddable":true,"href":"https:\/\/perfumhada.es\/blog\/wp-json\/wp\/v2\/categories?post=4065"},{"taxonomy":"post_tag","embeddable":true,"href":"https:\/\/perfumhada.es\/blog\/wp-json\/wp\/v2\/tags?post=4065"}],"curies":[{"name":"wp","href":"https:\/\/api.w.org\/{rel}","templated":true}]}}