{"id":3425,"date":"2019-09-25T10:40:46","date_gmt":"2019-09-25T08:40:46","guid":{"rendered":"https:\/\/www.perfumhada.es\/blog\/?p=3425"},"modified":"2019-09-25T10:40:46","modified_gmt":"2019-09-25T08:40:46","slug":"oferta-perfumes-otono-perfumhada","status":"publish","type":"post","link":"https:\/\/perfumhada.es\/blog\/oferta-perfumes-otono-perfumhada\/","title":{"rendered":"\u00bfA QU\u00c9 HUELE EL OTO\u00d1O? \u2013 OFERTA ESPECIAL DE PERFUMES EN PERFUMHADA"},"content":{"rendered":"<p>&nbsp;<\/p>\n<p style=\"text-align: center;\">Todas las estaciones tienen su encanto. Sobre esto muchas personas no estar\u00e1n de acuerdo, pero la realidad es que todo es cuesti\u00f3n de como lo mires. Y si en lugar de mirarlo lo hueles\u2026.descubrir\u00e1s que as\u00ed es. Con los mejores perfumes <strong>Top Ventas para el Oto\u00f1o<\/strong>, la cosa cambia.<\/p>\n<p style=\"text-align: center;\">El Oto\u00f1o es una de las estaciones que tiene mas posibilidades arom\u00e1ticas. No hace un calor excesivo que no nos permita usar fragancias mas intensas o perfumadas, y tampoco hace un fr\u00edo excesivo que nos haga descartar fragancias ligeras.<\/p>\n<p style=\"text-align: center;\">Los mejores perfumes para el oto\u00f1o, los <strong>perfumes mas vendidos<\/strong>, los que mas tendemos a desear poner en nuestra piel, vestirnos con ellos y disfrutar de su aroma son perfumes relacionados con el ambiente que nos rodea, las maderas y las especias cobran protagonismo en esta nueva estaci\u00f3n.<\/p>\n<h2 style=\"text-align: center;\"><a href=\"https:\/\/www.perfumhada.es\/tienda-online\/perfume\/mujer\/madera-fuerte-personalidad-terrenal.html\"><strong><span style=\"color: #800080;\">Perfumes amaderados<\/span><\/strong><\/a><\/h2>\n<p style=\"text-align: center;\">En <strong>alta perfumer\u00eda<\/strong> la madera juega un papel muy importante. Decimos que es una de las notas olfativas que m\u00e1s carisma tiene. Se define como una nota de fondo principalmente y consigue que una fragancia pueda tener una <strong>larga duraci\u00f3n<\/strong> aport\u00e1ndole un aroma que puede ser desde sutil hasta muy intenso seg\u00fan la combinaci\u00f3n que se haga con otras esencias.<\/p>\n<p style=\"text-align: center;\">Versatil, tanto en los perfumes femeninos como masculinos, es una nota olfativa \u201cseca\u201d que consigue <strong>agradar a todo el mundo<\/strong>. Es muy posible que hayas usado en alguna ocasi\u00f3n alg\u00fan perfume que, sin saberlo, contenga notas amaderadas.<\/p>\n<p style=\"text-align: center;\">Perfumhada este oto\u00f1o nos trae <strong>los mejores perfumes amaderados<\/strong> para mujer y para hombre a un precio especialmente <strong>low cost<\/strong><\/p>\n<p style=\"text-align: center;\">Te descubrimos algunos de ellos:<\/p>\n<p>&nbsp;<\/p>\n<p><img srcset=\"https:\/\/perfumhada.es\/blog\/wp-content\/uploads\/femme-120x80.jpg 120w, https:\/\/perfumhada.es\/blog\/wp-content\/uploads\/femme-150x150.jpg 150w, https:\/\/perfumhada.es\/blog\/wp-content\/uploads\/femme-225x300.jpg 225w, https:\/\/perfumhada.es\/blog\/wp-content\/uploads\/femme-250x220.jpg 250w, https:\/\/perfumhada.es\/blog\/wp-content\/uploads\/femme-380x330.jpg 380w, https:\/\/perfumhada.es\/blog\/wp-content\/uploads\/femme-768x1024.jpg 768w, https:\/\/perfumhada.es\/blog\/wp-content\/uploads\/femme-768x1024.jpg 768w, https:\/\/perfumhada.es\/blog\/wp-content\/uploads\/femme-770x340.jpg 770w, https:\/\/perfumhada.es\/blog\/wp-content\/uploads\/femme-1140x500.jpg 1140w, https:\/\/perfumhada.es\/blog\/wp-content\/uploads\/femme.jpg 3840w\" sizes=\"(min-width: 1140px) 3840px, (min-width: 770px) 1140px, (min-width: 768px) 770px, (min-width: 768px) 768px, (min-width: 380px) 768px, (min-width: 250px) 380px, (min-width: 225px) 250px, (min-width: 150px) 225px, (min-width: 120px) 150px, 120px\" class=\"aligncenter size-large wp-image-3430\" alt=\"\" width=\"100%\" height=\"auto\"><\/p>\n<p><a href=\"https:\/\/www.perfumhada.es\/catalogsearch\/result\/?q=1243\"><img srcset=\"https:\/\/perfumhada.es\/blog\/wp-content\/uploads\/1243ref-120x80.jpg 120w, https:\/\/perfumhada.es\/blog\/wp-content\/uploads\/1243ref-150x150.jpg 150w, https:\/\/perfumhada.es\/blog\/wp-content\/uploads\/1243ref-250x220.jpg 250w, https:\/\/perfumhada.es\/blog\/wp-content\/uploads\/1243ref-300x256.jpg 300w, https:\/\/perfumhada.es\/blog\/wp-content\/uploads\/1243ref-380x330.jpg 380w, https:\/\/perfumhada.es\/blog\/wp-content\/uploads\/1243ref-768x656.jpg 768w, https:\/\/perfumhada.es\/blog\/wp-content\/uploads\/1243ref-770x340.jpg 770w, https:\/\/perfumhada.es\/blog\/wp-content\/uploads\/1243ref-1024x874.jpg 1024w, https:\/\/perfumhada.es\/blog\/wp-content\/uploads\/1243ref-1140x500.jpg 1140w, https:\/\/perfumhada.es\/blog\/wp-content\/uploads\/1243ref.jpg 3840w\" sizes=\"(min-width: 1140px) 3840px, (min-width: 1024px) 1140px, (min-width: 770px) 1024px, (min-width: 768px) 770px, (min-width: 380px) 768px, (min-width: 300px) 380px, (min-width: 250px) 300px, (min-width: 150px) 250px, (min-width: 120px) 150px, 120px\" class=\"aligncenter size-large wp-image-3435\" alt=\"\" width=\"100%\" height=\"auto\"><\/a><\/p>\n<p style=\"text-align: center;\"><span style=\"color: #333333;\">Una combinaci\u00f3n muy elegante. La madera de s\u00e1ndalo y de cedro combinada con el musk (almizcle) y la rosa. Un perfume para usar durante el d\u00eda y la noche de una intensidad sutil pero duradera. Una de las ultimas novedades en perfumes amaderados para mujer.<\/span><\/p>\n<p style=\"text-align: center;\"><span style=\"color: #800080;\"><a style=\"color: #800080;\" href=\"https:\/\/www.perfumhada.es\/catalogsearch\/result\/?q=1243\"><strong>ver en la tienda<\/strong><\/a><\/span><\/p>\n<p>&nbsp;<\/p>\n<p>&nbsp;<\/p>\n<p style=\"text-align: center;\"><a href=\"https:\/\/www.perfumhada.es\/1016-ambar-celeste.html\"><img srcset=\"https:\/\/perfumhada.es\/blog\/wp-content\/uploads\/1016ref-120x80.jpg 120w, https:\/\/perfumhada.es\/blog\/wp-content\/uploads\/1016ref-150x150.jpg 150w, https:\/\/perfumhada.es\/blog\/wp-content\/uploads\/1016ref-250x220.jpg 250w, https:\/\/perfumhada.es\/blog\/wp-content\/uploads\/1016ref-300x256.jpg 300w, https:\/\/perfumhada.es\/blog\/wp-content\/uploads\/1016ref-380x330.jpg 380w, https:\/\/perfumhada.es\/blog\/wp-content\/uploads\/1016ref-768x656.jpg 768w, https:\/\/perfumhada.es\/blog\/wp-content\/uploads\/1016ref-770x340.jpg 770w, https:\/\/perfumhada.es\/blog\/wp-content\/uploads\/1016ref-1024x874.jpg 1024w, https:\/\/perfumhada.es\/blog\/wp-content\/uploads\/1016ref-1140x500.jpg 1140w, https:\/\/perfumhada.es\/blog\/wp-content\/uploads\/1016ref.jpg 3840w\" sizes=\"(min-width: 1140px) 3840px, (min-width: 1024px) 1140px, (min-width: 770px) 1024px, (min-width: 768px) 770px, (min-width: 380px) 768px, (min-width: 300px) 380px, (min-width: 250px) 300px, (min-width: 150px) 250px, (min-width: 120px) 150px, 120px\" class=\"aligncenter size-large wp-image-3436\" alt=\"\" width=\"100%\" height=\"auto\"><\/a>Este perfume cambi\u00f3 el concepto de la perfumer\u00eda en el que los aromas amaderados solo eran para hombres. Impactante combinaci\u00f3n del s\u00e1ndalo, con el pachuli y el chocolate. Profundo, elegante y sensual, este es un perfume para personalidades fuertes y seguras de si mismas.<\/p>\n<p style=\"text-align: center;\"><span style=\"color: #800080;\"><a style=\"color: #800080;\" href=\"https:\/\/www.perfumhada.es\/1016-ambar-celeste.html\"><strong>ver en la tienda<\/strong><\/a><\/span><\/p>\n<p>&nbsp;<\/p>\n<p>&nbsp;<\/p>\n<h1 style=\"text-align: center;\"><img srcset=\"https:\/\/perfumhada.es\/blog\/wp-content\/uploads\/homme-120x80.jpg 120w, https:\/\/perfumhada.es\/blog\/wp-content\/uploads\/homme-150x150.jpg 150w, https:\/\/perfumhada.es\/blog\/wp-content\/uploads\/homme-225x300.jpg 225w, https:\/\/perfumhada.es\/blog\/wp-content\/uploads\/homme-250x220.jpg 250w, https:\/\/perfumhada.es\/blog\/wp-content\/uploads\/homme-380x330.jpg 380w, https:\/\/perfumhada.es\/blog\/wp-content\/uploads\/homme-768x1024.jpg 768w, https:\/\/perfumhada.es\/blog\/wp-content\/uploads\/homme-768x1024.jpg 768w, https:\/\/perfumhada.es\/blog\/wp-content\/uploads\/homme-770x340.jpg 770w, https:\/\/perfumhada.es\/blog\/wp-content\/uploads\/homme-1140x500.jpg 1140w, https:\/\/perfumhada.es\/blog\/wp-content\/uploads\/homme.jpg 3840w\" sizes=\"(min-width: 1140px) 3840px, (min-width: 770px) 1140px, (min-width: 768px) 770px, (min-width: 768px) 768px, (min-width: 380px) 768px, (min-width: 250px) 380px, (min-width: 225px) 250px, (min-width: 150px) 225px, (min-width: 120px) 150px, 120px\" class=\"aligncenter size-large wp-image-3433\" alt=\"\" width=\"100%\" height=\"auto\"><\/h1>\n<p><a href=\"https:\/\/www.perfumhada.es\/2223-ambar-man.html\"><img srcset=\"https:\/\/perfumhada.es\/blog\/wp-content\/uploads\/2223-120x80.jpg 120w, https:\/\/perfumhada.es\/blog\/wp-content\/uploads\/2223-150x150.jpg 150w, https:\/\/perfumhada.es\/blog\/wp-content\/uploads\/2223-250x220.jpg 250w, https:\/\/perfumhada.es\/blog\/wp-content\/uploads\/2223-300x243.jpg 300w, https:\/\/perfumhada.es\/blog\/wp-content\/uploads\/2223-380x330.jpg 380w, https:\/\/perfumhada.es\/blog\/wp-content\/uploads\/2223-768x622.jpg 768w, https:\/\/perfumhada.es\/blog\/wp-content\/uploads\/2223-770x340.jpg 770w, https:\/\/perfumhada.es\/blog\/wp-content\/uploads\/2223-1024x830.jpg 1024w, https:\/\/perfumhada.es\/blog\/wp-content\/uploads\/2223-1140x500.jpg 1140w, https:\/\/perfumhada.es\/blog\/wp-content\/uploads\/2223.jpg 3840w\" sizes=\"(min-width: 1140px) 3840px, (min-width: 1024px) 1140px, (min-width: 770px) 1024px, (min-width: 768px) 770px, (min-width: 380px) 768px, (min-width: 300px) 380px, (min-width: 250px) 300px, (min-width: 150px) 250px, (min-width: 120px) 150px, 120px\" class=\"aligncenter size-large wp-image-3437\" alt=\"\" width=\"100%\" height=\"auto\"><\/a><\/p>\n<p style=\"text-align: center;\">Es una de las ultimas novedades en perfumes para hombre. Espectacular combinaci\u00f3n de madera de cachemira con especias y \u00e1mbar. Un perfume diferente, atrayente y muy duradero.<\/p>\n<p style=\"text-align: center;\"><span style=\"color: #800080;\"><a style=\"color: #800080;\" href=\"https:\/\/www.perfumhada.es\/2223-ambar-man.html\"><strong>ver en la tienda<\/strong><\/a><\/span><\/p>\n<p>&nbsp;<\/p>\n<p style=\"text-align: center;\">La promoci\u00f3n especial de perfumes de oto\u00f1o de Perfumhada no se limita a estos, sino que abarca todos los perfumes amaderados. <span style=\"color: #800080;\"><a style=\"color: #800080;\" href=\"https:\/\/www.perfumhada.es\/tienda-online\/perfume\/hombre\/madera-terrenal-fuerte-personalidad.html\">Descubre el tuyo<\/a><\/span><\/p>\n<p>&nbsp;<\/p>\n<p>&nbsp;<\/p>\n<p><img srcset=\"https:\/\/perfumhada.es\/blog\/wp-content\/uploads\/CHIPRES-CABECERA-2-120x80.jpg 120w, https:\/\/perfumhada.es\/blog\/wp-content\/uploads\/CHIPRES-CABECERA-2-150x150.jpg 150w, https:\/\/perfumhada.es\/blog\/wp-content\/uploads\/CHIPRES-CABECERA-2-250x220.jpg 250w, https:\/\/perfumhada.es\/blog\/wp-content\/uploads\/CHIPRES-CABECERA-2-300x161.jpg 300w, https:\/\/perfumhada.es\/blog\/wp-content\/uploads\/CHIPRES-CABECERA-2-380x330.jpg 380w, https:\/\/perfumhada.es\/blog\/wp-content\/uploads\/CHIPRES-CABECERA-2-768x412.jpg 768w, https:\/\/perfumhada.es\/blog\/wp-content\/uploads\/CHIPRES-CABECERA-2-770x340.jpg 770w, https:\/\/perfumhada.es\/blog\/wp-content\/uploads\/CHIPRES-CABECERA-2-1024x550.jpg 1024w, https:\/\/perfumhada.es\/blog\/wp-content\/uploads\/CHIPRES-CABECERA-2-1140x500.jpg 1140w, https:\/\/perfumhada.es\/blog\/wp-content\/uploads\/CHIPRES-CABECERA-2.jpg 3840w\" sizes=\"(min-width: 1140px) 3840px, (min-width: 1024px) 1140px, (min-width: 770px) 1024px, (min-width: 768px) 770px, (min-width: 380px) 768px, (min-width: 300px) 380px, (min-width: 250px) 300px, (min-width: 150px) 250px, (min-width: 120px) 150px, 120px\" class=\"aligncenter size-large wp-image-3439\" alt=\"\" width=\"100%\" height=\"auto\"><\/p>\n<p style=\"text-align: center;\">El nombre de este grupo olfativo proviene de la fragancia <strong>Coty Chipre<\/strong>, creada en 1917. Su agudo aroma est\u00e1 basado en la armon\u00eda entre el musgo de roble, el labdanum, el pachuli y la bergamota.<\/p>\n<p style=\"text-align: center;\">Pueden parecer notas olfativas muy serias y agresivas, con olor muy intenso, pero la realidad es que combinadas con otras notas como las frutales o almizcladas conforman una de las familias olfativas de perfumes mas sensuales.<\/p>\n<p style=\"text-align: center;\">Sorprendete con algunos de los<span style=\"color: #800080;\"> <strong><a style=\"color: #800080;\" href=\"https:\/\/www.perfumhada.es\/tienda-online\/perfume\/mujer\/chipre-sensual.html\">perfumes Chipres Top ventas para mujer:<\/a><\/strong><\/span><\/p>\n<p>&nbsp;<\/p>\n<p><a href=\"https:\/\/www.perfumhada.es\/1236-sensualle.html\"><img srcset=\"https:\/\/perfumhada.es\/blog\/wp-content\/uploads\/1236-ref-a-120x80.jpg 120w, https:\/\/perfumhada.es\/blog\/wp-content\/uploads\/1236-ref-a-150x150.jpg 150w, https:\/\/perfumhada.es\/blog\/wp-content\/uploads\/1236-ref-a-250x220.jpg 250w, https:\/\/perfumhada.es\/blog\/wp-content\/uploads\/1236-ref-a-300x161.jpg 300w, https:\/\/perfumhada.es\/blog\/wp-content\/uploads\/1236-ref-a-380x330.jpg 380w, https:\/\/perfumhada.es\/blog\/wp-content\/uploads\/1236-ref-a-768x412.jpg 768w, https:\/\/perfumhada.es\/blog\/wp-content\/uploads\/1236-ref-a-770x340.jpg 770w, https:\/\/perfumhada.es\/blog\/wp-content\/uploads\/1236-ref-a-1024x550.jpg 1024w, https:\/\/perfumhada.es\/blog\/wp-content\/uploads\/1236-ref-a-1140x500.jpg 1140w, https:\/\/perfumhada.es\/blog\/wp-content\/uploads\/1236-ref-a.jpg 3840w\" sizes=\"(min-width: 1140px) 3840px, (min-width: 1024px) 1140px, (min-width: 770px) 1024px, (min-width: 768px) 770px, (min-width: 380px) 768px, (min-width: 300px) 380px, (min-width: 250px) 300px, (min-width: 150px) 250px, (min-width: 120px) 150px, 120px\" class=\"aligncenter size-large wp-image-3452\" alt=\"\" width=\"100%\" height=\"auto\"><\/a><\/p>\n<p style=\"text-align: center;\">Una intensa y sofisticada combinaci\u00f3n de esencias conforma este intenso y duradero perfume. La fresa y el azahar se mezclan con el musgo de roble dando como resultado un perfume sumamente sensual.<\/p>\n<p style=\"text-align: center;\"><span style=\"color: #800080;\"><a style=\"color: #800080;\" href=\"https:\/\/www.perfumhada.es\/1236-sensualle.html\"><strong>ver en la tienda<\/strong><\/a><\/span><\/p>\n<p>&nbsp;<\/p>\n<p>&nbsp;<\/p>\n<p><a href=\"https:\/\/www.perfumhada.es\/1019-mimosa.html\"><img srcset=\"https:\/\/perfumhada.es\/blog\/wp-content\/uploads\/1019-a-120x80.jpg 120w, https:\/\/perfumhada.es\/blog\/wp-content\/uploads\/1019-a-150x150.jpg 150w, https:\/\/perfumhada.es\/blog\/wp-content\/uploads\/1019-a-250x220.jpg 250w, https:\/\/perfumhada.es\/blog\/wp-content\/uploads\/1019-a-300x161.jpg 300w, https:\/\/perfumhada.es\/blog\/wp-content\/uploads\/1019-a-380x330.jpg 380w, https:\/\/perfumhada.es\/blog\/wp-content\/uploads\/1019-a-768x412.jpg 768w, https:\/\/perfumhada.es\/blog\/wp-content\/uploads\/1019-a-770x340.jpg 770w, https:\/\/perfumhada.es\/blog\/wp-content\/uploads\/1019-a-1024x550.jpg 1024w, https:\/\/perfumhada.es\/blog\/wp-content\/uploads\/1019-a-1140x500.jpg 1140w, https:\/\/perfumhada.es\/blog\/wp-content\/uploads\/1019-a.jpg 3840w\" sizes=\"(min-width: 1140px) 3840px, (min-width: 1024px) 1140px, (min-width: 770px) 1024px, (min-width: 768px) 770px, (min-width: 380px) 768px, (min-width: 300px) 380px, (min-width: 250px) 300px, (min-width: 150px) 250px, (min-width: 120px) 150px, 120px\" class=\"aligncenter size-large wp-image-3449\" alt=\"\" width=\"100%\" height=\"auto\"><\/a><\/p>\n<p style=\"text-align: center;\">Si quieres dejar \u201cestela\u201d a tu paso y que esta sea con fuerza y personalidad, terrenal e irresistiblemente sensual, este seria un perfume ideal para no pasar desapercibida. El musk(almizcle) junto con el clavel y el musgo de roble son las notas predominantes en esta sensual composici\u00f3n.<\/p>\n<p style=\"text-align: center;\"><span style=\"color: #800080;\"><a style=\"color: #800080;\" href=\"https:\/\/www.perfumhada.es\/1019-mimosa.html\"><strong>ver en la tienda<\/strong><\/a><\/span><\/p>\n<p>&nbsp;<\/p>\n<p style=\"text-align: center;\">Y esto no es todo. Descubre los mejores perfumes chipres para mujer y hombre con el descuento de Perfumhada para este oto\u00f1o!<\/p>\n<p style=\"text-align: center;\"><strong>No te olvides que tienes disponibles todas las <span style=\"color: #800080;\"><a style=\"color: #800080;\" href=\"https:\/\/www.perfumhada.es\/crema-corporal-perfumada-500-ml.html\">cremas corporales<\/a><\/span> con <span style=\"color: #800080;\"><a style=\"color: #800080;\" href=\"https:\/\/www.perfumhada.es\/catalogsearch\/result\/?q=compo\">el aroma de tus perfumes<\/a><\/span>. Una manera diferente de perfumarse y que tu aroma dure el doble.<\/strong><\/p>\n<p style=\"text-align: center;\">Visita nuestras tiendas Perfumhada o pide tu perfume<span style=\"color: #800080;\"><strong><a style=\"color: #800080;\" href=\"https:\/\/www.perfumhada.es\/tienda-online.html\"> online.<\/a><\/strong><\/span><\/p>\n<p style=\"text-align: center;\">\n","protected":false},"excerpt":{"rendered":"<p>&nbsp; Todas las estaciones tienen su encanto. Sobre esto muchas personas no estar\u00e1n de acuerdo, pero la realidad es que todo es cuesti\u00f3n de como lo mires. Y si en lugar de mirarlo lo hueles\u2026.descubrir\u00e1s que as\u00ed es. Con los mejores perfumes Top Ventas para el Oto\u00f1o, la cosa cambia. El Oto\u00f1o es una de&nbsp;<\/p>\n<p><a class=\"btn btn-style\" href=\"https:\/\/perfumhada.es\/blog\/oferta-perfumes-otono-perfumhada\/\">Seguir Leyendo&#8230;<\/a><\/p>\n","protected":false},"author":2,"featured_media":3432,"comment_status":"open","ping_status":"open","sticky":false,"template":"","format":"standard","meta":{"om_disable_all_campaigns":false,"_monsterinsights_skip_tracking":false,"_monsterinsights_sitenote_active":false,"_monsterinsights_sitenote_note":"","_monsterinsights_sitenote_category":0,"_uf_show_specific_survey":0,"_uf_disable_surveys":false,"footnotes":""},"categories":[6,8],"tags":[140,70],"class_list":["post-3425","post","type-post","status-publish","format-standard","has-post-thumbnail","hentry","category-novedades-perfumhada","category-perfumeria","tag-otono","tag-perfume-otono"],"aioseo_notices":[],"jetpack_featured_media_url":"https:\/\/perfumhada.es\/blog\/wp-content\/uploads\/nueva-cabecera-oto\u00f1o-2019-2.jpg","_links":{"self":[{"href":"https:\/\/perfumhada.es\/blog\/wp-json\/wp\/v2\/posts\/3425","targetHints":{"allow":["GET"]}}],"collection":[{"href":"https:\/\/perfumhada.es\/blog\/wp-json\/wp\/v2\/posts"}],"about":[{"href":"https:\/\/perfumhada.es\/blog\/wp-json\/wp\/v2\/types\/post"}],"author":[{"embeddable":true,"href":"https:\/\/perfumhada.es\/blog\/wp-json\/wp\/v2\/users\/2"}],"replies":[{"embeddable":true,"href":"https:\/\/perfumhada.es\/blog\/wp-json\/wp\/v2\/comments?post=3425"}],"version-history":[{"count":18,"href":"https:\/\/perfumhada.es\/blog\/wp-json\/wp\/v2\/posts\/3425\/revisions"}],"predecessor-version":[{"id":3457,"href":"https:\/\/perfumhada.es\/blog\/wp-json\/wp\/v2\/posts\/3425\/revisions\/3457"}],"wp:featuredmedia":[{"embeddable":true,"href":"https:\/\/perfumhada.es\/blog\/wp-json\/wp\/v2\/media\/3432"}],"wp:attachment":[{"href":"https:\/\/perfumhada.es\/blog\/wp-json\/wp\/v2\/media?parent=3425"}],"wp:term":[{"taxonomy":"category","embeddable":true,"href":"https:\/\/perfumhada.es\/blog\/wp-json\/wp\/v2\/categories?post=3425"},{"taxonomy":"post_tag","embeddable":true,"href":"https:\/\/perfumhada.es\/blog\/wp-json\/wp\/v2\/tags?post=3425"}],"curies":[{"name":"wp","href":"https:\/\/api.w.org\/{rel}","templated":true}]}}