{"id":1899,"date":"2017-09-06T11:19:21","date_gmt":"2017-09-06T09:19:21","guid":{"rendered":"https:\/\/www.perfumhada.es\/blog\/?p=1899"},"modified":"2019-05-17T14:00:08","modified_gmt":"2019-05-17T12:00:08","slug":"monta-tu-negocio-y-celebra-tus-5-anos-de-exito","status":"publish","type":"post","link":"https:\/\/perfumhada.es\/blog\/monta-tu-negocio-y-celebra-tus-5-anos-de-exito\/","title":{"rendered":"MONTA TU NEGOCIO Y CELEBRA TUS 5 A\u00d1OS DE \u00c9XITO CON PERFUMHADA \u2013 \u00a1FELIZ 5\u00ba ANIVERSARIO CARTAGENA Y LINARES!"},"content":{"rendered":"<h1><strong>\u00a1\u00a1Estamos de celebraci\u00f3n!! \u00bfPorqu\u00e9?<\/strong><\/h1>\n<p><strong>Dos de nuestras tiendas<\/strong> cumplen 5 a\u00f1os a nuestro lado y siguen adelante con \u00e9xito, algo que pocas franquicias pueden\u00a0decir.<\/p>\n<p><strong>\u00bfCu\u00e1ndo y como<\/strong><strong>?<\/strong>\u00a0El mercado de la perfumer\u00eda ha sido uno de los mercados que m\u00e1s ha crecido en los \u00faltimos a\u00f1os, apareciendo much\u00edsimas opciones y marcas nuevas. PerfumHada sigue abriendo tiendas como <strong>PerfumHada Valladolid<\/strong>, abierta hace unos d\u00edas bajo la gerencia de Nacho del Campo, siendo esta su<span style=\"color: #800080;\"><a style=\"color: #800080;\" href=\"https:\/\/www.perfumhada.es\/blog\/perfume-valladolid\/\"> <strong><u>segunda tienda<\/u><\/strong><\/a><\/span> y renovando relaciones comerciales con Franquiciados que tienen \u00e9xito despu\u00e9s de 5 a\u00f1os con su negocio, como Cartagena y Linares.<\/p>\n<p><strong>\u00bfQu\u00e9 nos diferencia?\u00a0 \u00bfQu\u00e9 nos hace especiales?<\/strong>\u00a0Nuestra experiencia, nuestro perfume a un precio irresistible y calidad excelente gracias a contar con nuestro perfumista propio, Jimmy Boyd. Nuestro sistema innovador<strong>\u00a0<span style=\"color: #800080;\"><a style=\"color: #800080;\" href=\"https:\/\/mine.perfumhada.es\/\">MINE<\/a><\/span><\/strong>, \u00fanico en el mercado que alcanza al publico la <span style=\"color: #800080;\"><strong><a style=\"color: #800080;\" href=\"https:\/\/www.perfumhada.es\/perfumes-a-medida.html\"><u>perfumer\u00eda a medida<\/u><\/a><\/strong><\/span> a bajo precio.<\/p>\n<p><strong>\u00bfPorque confiar en PerfumHada?<\/strong>\u00a0Porque\u00a0las experiencias de nuestros 2\u00a0franquiciados que llevan 5 a\u00f1os a cargo de una tienda PerfumHada, hablan por si solas. Y es que, solo se necesita mucha ilusi\u00f3n, constancia y apoyo de una buena marca y un buen producto para conseguirlo.<\/p>\n<p><strong>\u00a0<\/strong><\/p>\n<h2><strong>Fran y Sonia contadnos\u00a0un poco quienes sois y como llegasteis a ser parte de la familia PerfumHada<\/strong><\/h2>\n<p><b>\u00a0<\/b><\/p>\n<p><span style=\"color: #800080;\"><strong>PerfumHada Cartagena:<\/strong><\/span>\u00a0Mi nombre es\u00a0<strong>Francisco Rodr\u00edguez Ciudad<\/strong>\u00a0( para los clientes que son muchos, Fran ), siempre he estado vinculado \u00a0al comercio, siendo \u00a026 a\u00f1os responsable comercial de una gran superficie, un d\u00eda decide dar un cambio a mi vida laboral, y analizando el campo comercial y con la crisis que se viv\u00eda\u00a0por entonces ( a\u00f1o 2012 ), decid\u00ed\u00a0entrar en el apasionante mundo de la perfumer\u00eda, despu\u00e9s\u00a0de\u00a0hablar, con algunas franquicias que por entonces exist\u00edan, y \u00a0comprobar\u00a0<strong>\u00a0la calidad de sus productos nos decantamos por una <a href=\"https:\/\/www.perfumhada.es\/franquicia.html\" rel=\"noopener\" target=\"_blank\">franquicia de perfumes de PERFUMHADA<\/a>.<\/strong><\/p>\n<p><img srcset=\"https:\/\/perfumhada.es\/blog\/wp-content\/uploads\/fran-120x80.jpg 120w, https:\/\/perfumhada.es\/blog\/wp-content\/uploads\/fran-150x150.jpg 150w, https:\/\/perfumhada.es\/blog\/wp-content\/uploads\/fran-250x220.jpg 250w, https:\/\/perfumhada.es\/blog\/wp-content\/uploads\/fran-300x129.jpg 300w, https:\/\/perfumhada.es\/blog\/wp-content\/uploads\/fran-380x330.jpg 380w, https:\/\/perfumhada.es\/blog\/wp-content\/uploads\/fran-768x331.jpg 768w, https:\/\/perfumhada.es\/blog\/wp-content\/uploads\/fran-770x340.jpg 770w, https:\/\/perfumhada.es\/blog\/wp-content\/uploads\/fran-1024x442.jpg 1024w, https:\/\/perfumhada.es\/blog\/wp-content\/uploads\/fran-1140x500.jpg 1140w, https:\/\/perfumhada.es\/blog\/wp-content\/uploads\/fran.jpg 1252w\" sizes=\"(min-width: 1140px) 1252px, (min-width: 1024px) 1140px, (min-width: 770px) 1024px, (min-width: 768px) 770px, (min-width: 380px) 768px, (min-width: 300px) 380px, (min-width: 250px) 300px, (min-width: 150px) 250px, (min-width: 120px) 150px, 120px\" class=\"alignnone size-full wp-image-1915\" alt=\"\" width=\"1252\" height=\"540\"><\/p>\n<p><span style=\"color: #800080;\"><strong>PerfumHada Linares:<\/strong>\u00a0<\/span>Mi nombre es Sonia, tengo 35 a\u00f1os, soy de aqu\u00ed de Linares y decid\u00ed en tiempos de crisis invertir en un negocio de autoempleo en mi ciudad,\u00a0 ya que no encontraba trabajo.<\/p>\n<p>Un d\u00eda buscando en Internet ofertas de empleo de trabajo de laboratorio, me encontr\u00e9 con la web de Perfumhada, donde explicaban este negocio, totalmente nuevo para m\u00ed, en el que fabricaban perfumer\u00eda de gran calidad a un precio muy asequible, y me interes\u00e9.<\/p>\n<p>Todo fue muy f\u00e1cil, tras varias visitas de la directora,\u00a0Nieves, llegamos a un acuerdo y aqu\u00ed sigo despu\u00e9s de cinco a\u00f1os.<\/p>\n<p><img srcset=\"https:\/\/perfumhada.es\/blog\/wp-content\/uploads\/2017-09-06-PHOTO-00000353-1-120x80.jpg 120w, https:\/\/perfumhada.es\/blog\/wp-content\/uploads\/2017-09-06-PHOTO-00000353-1-150x150.jpg 150w, https:\/\/perfumhada.es\/blog\/wp-content\/uploads\/2017-09-06-PHOTO-00000353-1-250x220.jpg 250w, https:\/\/perfumhada.es\/blog\/wp-content\/uploads\/2017-09-06-PHOTO-00000353-1-300x129.jpg 300w, https:\/\/perfumhada.es\/blog\/wp-content\/uploads\/2017-09-06-PHOTO-00000353-1-380x330.jpg 380w, https:\/\/perfumhada.es\/blog\/wp-content\/uploads\/2017-09-06-PHOTO-00000353-1-768x331.jpg 768w, https:\/\/perfumhada.es\/blog\/wp-content\/uploads\/2017-09-06-PHOTO-00000353-1-770x340.jpg 770w, https:\/\/perfumhada.es\/blog\/wp-content\/uploads\/2017-09-06-PHOTO-00000353-1-1024x442.jpg 1024w, https:\/\/perfumhada.es\/blog\/wp-content\/uploads\/2017-09-06-PHOTO-00000353-1-1140x500.jpg 1140w, https:\/\/perfumhada.es\/blog\/wp-content\/uploads\/2017-09-06-PHOTO-00000353-1.jpg 1252w\" sizes=\"(min-width: 1140px) 1252px, (min-width: 1024px) 1140px, (min-width: 770px) 1024px, (min-width: 768px) 770px, (min-width: 380px) 768px, (min-width: 300px) 380px, (min-width: 250px) 300px, (min-width: 150px) 250px, (min-width: 120px) 150px, 120px\" class=\"alignnone wp-image-1920 size-full\" alt=\"\" width=\"1252\" height=\"540\"><\/p>\n<h2><strong>\u00bfTen\u00edais experiencia en el sector? \u00bfPorque decidisteis emprender en el mundo de la perfumer\u00eda?<\/strong><\/h2>\n<p><span style=\"color: #800080;\"><strong>PerfumHada Cartagena:<\/strong>\u00a0<\/span>No tenia experiencia en el sector, era algo nuevo para mi, pero gracias a la formaci\u00f3n previa, ( por parte de la central ) de forma presencial, no fue nada complicado obtener los primeros conocimientos, para poder desarrollarlos con \u00a0nuestros clientes, y la continua formaci\u00f3n a lo largo de estos cincos a\u00f1os, tanto por la central, como por parte de nuestro \u00a0exclusivo perfumista JIMMY BOYD.<\/p>\n<p>La decisi\u00f3n de emprender en el mundo de la perfumer\u00eda, fue algo meditado, a mi personalmente y creo que a la mayor\u00eda de las personas es algo que nos encanta, tener la mejor imagen que podamos y sentirnos identificados con un aroma personal, y \u00a0\u00bf porque no tener ese aroma tan personal al mejor precio ? y con una calidad excepcional,<\/p>\n<p><strong><span style=\"color: #800080;\">PerfumHada Linares:<\/span>\u00a0<\/strong>Ya hab\u00eda trabajado de cara al p\u00fablico, pero no en \u00e9ste sector, me gust\u00f3 mucho el tipo de negocio, no lo hab\u00eda en mi ciudad y era muy innovadora la idea de venta a granel.<\/p>\n<p>&nbsp;<\/p>\n<h2><strong>Cumples tu 5 aniversario y sigues con la marca PerfumHada. Es f\u00e1cil ver que os va\u00a0bien. Decidnos\u00a05 palabras relacionadas con vuestra\u00a0experiencia en PerfumHada.<\/strong><\/h2>\n<p>&nbsp;<\/p>\n<blockquote><p><span style=\"color: #800080;\"><strong>PerfumHada Cartagena: <\/strong><\/span><\/p>\n<h2><strong><em>Calidad, innovaci\u00f3n, formaci\u00f3n, servicio, prestigio.<\/em><\/strong><\/h2>\n<p><span style=\"color: #800080;\"><strong>PerfumHada Linares: <\/strong><\/span><\/p>\n<h2><strong><em>Agradecimiento, calidad, confianza, bienestar, futuro.<\/em><\/strong><\/h2>\n<\/blockquote>\n<p>&nbsp;<\/p>\n<h2><strong>\u00bfQu\u00e9 campa\u00f1a especial hac\u00e9is para celebrar con el p\u00fablico este 5\u00ba aniversario??<\/strong><\/h2>\n<p>&nbsp;<\/p>\n<p><span style=\"color: #800080;\"><strong>PerfumHada Cartagena:\u00a0<\/strong><\/span>La campa\u00f1a especial que realizamos durante este mes de septiembre en perfumhada Cartagena como 5\u00ba aniversario es \u00bb perfumhada te lleva al pasado \u00bb es decir que durante este mes tendremos en perfumes los mismos precios con los que comenzamos nuestra andadura all\u00e1 por el 2012<\/p>\n<p>&nbsp;<\/p>\n<p><a href=\"https:\/\/www.facebook.com\/Perfumhada-Cartagena-1835729290047123\/\"><img srcset=\"https:\/\/perfumhada.es\/blog\/wp-content\/uploads\/Banner-Cartagena-120x80.jpg 120w, https:\/\/perfumhada.es\/blog\/wp-content\/uploads\/Banner-Cartagena-150x150.jpg 150w, https:\/\/perfumhada.es\/blog\/wp-content\/uploads\/Banner-Cartagena-250x220.jpg 250w, https:\/\/perfumhada.es\/blog\/wp-content\/uploads\/Banner-Cartagena-300x111.jpg 300w, https:\/\/perfumhada.es\/blog\/wp-content\/uploads\/Banner-Cartagena-380x315.jpg 380w, https:\/\/perfumhada.es\/blog\/wp-content\/uploads\/Banner-Cartagena-768x284.jpg 768w, https:\/\/perfumhada.es\/blog\/wp-content\/uploads\/Banner-Cartagena-770x315.jpg 770w, https:\/\/perfumhada.es\/blog\/wp-content\/uploads\/Banner-Cartagena.jpg 851w\" sizes=\"(min-width: 770px) 851px, (min-width: 768px) 770px, (min-width: 380px) 768px, (min-width: 300px) 380px, (min-width: 250px) 300px, (min-width: 150px) 250px, (min-width: 120px) 150px, 120px\" class=\"alignnone size-full wp-image-1905\" alt=\"\" width=\"851\" height=\"315\"><\/a><\/p>\n<p>&nbsp;<\/p>\n<p><span style=\"color: #800080;\"><strong>PerfumHada Linares:\u00a0<\/strong><\/span>Volvemos a nuestros or\u00edgenes, recordando que tuvimos una fuerte entrada en el mercado y con precios muy competitivos.<\/p>\n<p>Hicimos una gran promoci\u00f3n durante un a\u00f1o en la que regal\u00e1bamos el frasco, con el fin de que el cliente lo reutilizara, aunque los precios de los fabricantes subieron, como todo en la vida a lo largo del tiempo, y nos tuvimos que adaptar, siendo aun el mejor perfume del mercado al mejor precio.<br \/>\nPor eso ahora vamos a realizar un 20%\u00a0de descuento a todos nuestros clientes para agradecerles su confianza.<\/p>\n<p><a href=\"https:\/\/www.facebook.com\/perfumhadalinares\/\"><img srcset=\"https:\/\/perfumhada.es\/blog\/wp-content\/uploads\/Banner-Linares-120x80.jpg 120w, https:\/\/perfumhada.es\/blog\/wp-content\/uploads\/Banner-Linares-150x150.jpg 150w, https:\/\/perfumhada.es\/blog\/wp-content\/uploads\/Banner-Linares-250x220.jpg 250w, https:\/\/perfumhada.es\/blog\/wp-content\/uploads\/Banner-Linares-300x111.jpg 300w, https:\/\/perfumhada.es\/blog\/wp-content\/uploads\/Banner-Linares-380x315.jpg 380w, https:\/\/perfumhada.es\/blog\/wp-content\/uploads\/Banner-Linares-768x284.jpg 768w, https:\/\/perfumhada.es\/blog\/wp-content\/uploads\/Banner-Linares-770x315.jpg 770w, https:\/\/perfumhada.es\/blog\/wp-content\/uploads\/Banner-Linares.jpg 851w\" sizes=\"(min-width: 770px) 851px, (min-width: 768px) 770px, (min-width: 380px) 768px, (min-width: 300px) 380px, (min-width: 250px) 300px, (min-width: 150px) 250px, (min-width: 120px) 150px, 120px\" class=\"alignnone size-full wp-image-1906\" alt=\"\" width=\"851\" height=\"315\"><\/a><\/p>\n<h2><strong>Por \u00faltimo, un consejo para todo emprendedor<\/strong><\/h2>\n<p>&nbsp;<\/p>\n<p><strong><span style=\"color: #800080;\">PerfumHada Cartagena:<\/span>\u00a0<\/strong>Lo primero es analizar la calidad de sus productos ( en mi caso PerfumHada \u00a0creo que tiene una calidad excepcional, todo ellos gracias a nuestro prestigioso perfumista JIMMY BOYD ).<\/p>\n<p>Lo segundo es ver el nivel de innovaci\u00f3n, creaci\u00f3n, creo que PerfumHada es especialista en esto de la innovaci\u00f3n, con la creaci\u00f3n de la l\u00ednea<strong>\u00a0MINE<\/strong>, es algo que muy pocos pueden decir que con ellos \u00a0cada cliente se puede crear tanto su\u00a0<em>gel de ba\u00f1o, cremas corporales, su aceite corporal, su body mist, su after- shave, su \u00a0ambientador de casa<\/em>, y todo eso con su aroma preferido y en la intensidad que uno quiera.<\/p>\n<p>Lo tercero el servicio, en este caso creo que es impecable, lo cuarto el poder tener hilo directo, tanto con la central, como\u00a0con nuestro perfumista, para cualquier duda, consejo o petici\u00f3n, y como no el costo de poder implantar \u00a0o crear tu tienda no por m\u00e1s que cueste montarla, es s\u00edntoma de calidad, y como no luchar y tener ilusi\u00f3n todos los d\u00edas, ya que el ramo del comercio, es un trabajo intenso y diario.<\/p>\n<p><strong><span style=\"color: #800080;\">PerfumHada Linares:<\/span>\u00a0<\/strong>Encontrar\u00e1n un negocio de auto-empleo bonito, rentable siempre que se trabaje en equipo y de una calidad muy superior a la de cualquier marca. Nos diferencia nuestra calidad -precio y la amabilidad del equipo PerfumHada.<\/p>\n<p>&nbsp;<\/p>\n<h2><strong>\u00a1Por otros 5 a\u00f1os m\u00e1s a vuestro lado!<\/strong><\/h2>\n<p>\u00bfQuieres tener tu propia tienda PerfumHada? \u00bfQuieres m\u00e1s informaci\u00f3n? Escr\u00edbenos a <a href=\"mailto:info@perfumhada.es\" rel=\"nofollow\"><strong><span style=\"color: #800080;\">info@perfumhada.es<\/span><\/strong><\/a> o llamanos al<strong><span style=\"color: #800080;\"> 927278602<\/span><\/strong>, estaremos encantados de hablar contigo.<\/p>\n<p>&nbsp;<\/p>\n<p>&nbsp;<\/p>\n","protected":false},"excerpt":{"rendered":"<p>\u00a1\u00a1Estamos de celebraci\u00f3n!! \u00bfPorqu\u00e9? Dos de nuestras tiendas cumplen 5 a\u00f1os a nuestro lado y siguen adelante con \u00e9xito, algo que pocas franquicias pueden\u00a0decir. \u00bfCu\u00e1ndo y como?\u00a0El mercado de la perfumer\u00eda ha sido uno de los mercados que m\u00e1s ha crecido en los \u00faltimos a\u00f1os, apareciendo much\u00edsimas opciones y marcas nuevas. PerfumHada sigue abriendo tiendas&nbsp;<\/p>\n<p><a class=\"btn btn-style\" href=\"https:\/\/perfumhada.es\/blog\/monta-tu-negocio-y-celebra-tus-5-anos-de-exito\/\">Seguir Leyendo&#8230;<\/a><\/p>\n","protected":false},"author":2,"featured_media":1910,"comment_status":"open","ping_status":"open","sticky":false,"template":"","format":"standard","meta":{"om_disable_all_campaigns":false,"_monsterinsights_skip_tracking":false,"_monsterinsights_sitenote_active":false,"_monsterinsights_sitenote_note":"","_monsterinsights_sitenote_category":0,"_uf_show_specific_survey":0,"_uf_disable_surveys":false,"footnotes":""},"categories":[7,29],"tags":[],"class_list":["post-1899","post","type-post","status-publish","format-standard","has-post-thumbnail","hentry","category-entrevistas","category-franquicia"],"aioseo_notices":[],"jetpack_featured_media_url":"https:\/\/perfumhada.es\/blog\/wp-content\/uploads\/portada-blog-2.jpg","_links":{"self":[{"href":"https:\/\/perfumhada.es\/blog\/wp-json\/wp\/v2\/posts\/1899","targetHints":{"allow":["GET"]}}],"collection":[{"href":"https:\/\/perfumhada.es\/blog\/wp-json\/wp\/v2\/posts"}],"about":[{"href":"https:\/\/perfumhada.es\/blog\/wp-json\/wp\/v2\/types\/post"}],"author":[{"embeddable":true,"href":"https:\/\/perfumhada.es\/blog\/wp-json\/wp\/v2\/users\/2"}],"replies":[{"embeddable":true,"href":"https:\/\/perfumhada.es\/blog\/wp-json\/wp\/v2\/comments?post=1899"}],"version-history":[{"count":18,"href":"https:\/\/perfumhada.es\/blog\/wp-json\/wp\/v2\/posts\/1899\/revisions"}],"predecessor-version":[{"id":3334,"href":"https:\/\/perfumhada.es\/blog\/wp-json\/wp\/v2\/posts\/1899\/revisions\/3334"}],"wp:featuredmedia":[{"embeddable":true,"href":"https:\/\/perfumhada.es\/blog\/wp-json\/wp\/v2\/media\/1910"}],"wp:attachment":[{"href":"https:\/\/perfumhada.es\/blog\/wp-json\/wp\/v2\/media?parent=1899"}],"wp:term":[{"taxonomy":"category","embeddable":true,"href":"https:\/\/perfumhada.es\/blog\/wp-json\/wp\/v2\/categories?post=1899"},{"taxonomy":"post_tag","embeddable":true,"href":"https:\/\/perfumhada.es\/blog\/wp-json\/wp\/v2\/tags?post=1899"}],"curies":[{"name":"wp","href":"https:\/\/api.w.org\/{rel}","templated":true}]}}