{"id":159,"date":"2016-03-31T00:00:08","date_gmt":"2016-03-31T00:00:08","guid":{"rendered":"http:\/\/perfumhada.es\/blog\/?p=159"},"modified":"2017-02-01T17:25:13","modified_gmt":"2017-02-01T15:25:13","slug":"hablamos-con-jimmy-boyd-de-fragancias-para-combatir-la-astenia-primaveral","status":"publish","type":"post","link":"https:\/\/perfumhada.es\/blog\/hablamos-con-jimmy-boyd-de-fragancias-para-combatir-la-astenia-primaveral\/","title":{"rendered":"Hablamos con Jimmy Boyd de fragancias para combatir la astenia primaveral"},"content":{"rendered":"<p style=\"text-align: justify;\"><strong>Hoy vamos a hablar de las fragancias que Jimmy Boyd considera m\u00e1s adecuadas para la \u00e9poca primaveral. Pero lo primero ser\u00eda saber: \u00bfHay unas fragancias m\u00e1s adecuadas para unas estaciones o para otras, unas m\u00e1s para invierno y otras para primavera?<\/strong><\/p>\n<p style=\"text-align: justify;\">\n<p style=\"text-align: justify;\"><strong>Jimmy Boyd<\/strong>: Despu\u00e9s de un estudio, un trabajo de campo que yo hice sobre 3500 personas, que me llev\u00f3 5\u00a0a\u00f1os de mi vida investigando este tema, te dir\u00e9 que no hay \u00e9pocas del a\u00f1o, lo que hay son personalidades. Es decir, lo que influye en cuanto a la decisi\u00f3n de una fragancia no es que viene verano y la cojo m\u00e1s fresca o viene el invierno y la cojo m\u00e1s c\u00e1lida o m\u00e1s intensa. Puede haber de una forma secundaria una tendencia a buscar fragancias m\u00e1s ligeras para el verano que para el invierno, pero no es lo que m\u00e1s debe influir en la elecci\u00f3n de un perfume. Lo que decide la elecci\u00f3n de un perfume es la propia personalidad. Nosotros tenemos catalogados en la carta de personalidades de PerfumHada 14 \u00f3 16 arquetipos o personalidades diferentes que\u00a0 corresponden a 14 o 16 familias olfativas.<\/p>\n<p>&nbsp;<\/p>\n<p style=\"text-align: justify;\"><strong>Una de las cosas que has trabajado a lo largo de tu carrera como perfumista es la adecuaci\u00f3n de los distintos perfumes a los estados de \u00e1nimo o emociones. Ahora que llega la primavera mucha gente se siente cansada, algo baja de energ\u00eda, lo que llamamos astenia. \u00bfHay algunas esencias adecuadas para combatir la astenia primaveral?<\/strong><\/p>\n<p>&nbsp;<\/p>\n<p style=\"text-align: justify;\"><strong>Jimmy Boyd<\/strong>: Absolutamente. La ciencia llamada aromaterapia, ciencia basada en el efecto que produce la vibraci\u00f3n de un olor en el estado de \u00e1nimo del ser humano, hace que haya unas esencias que estimulan la energ\u00eda agotada por el estr\u00e9s, el trabajo y la actividad diaria. Para ponerte un ejemplo te dir\u00e9 que esencias como los c\u00edtricos, la flor de azahar [por ejemplo], son las que act\u00faan directamente sobre las gl\u00e1ndulas suprarrenales y lo que hacen es recargar la energ\u00eda f\u00edsica que se ha perdido por estas circunstancias.<\/p>\n<p>&nbsp;<\/p>\n<p style=\"text-align: justify;\"><strong>\u00bfQu\u00e9 hay de la diferencia entre hombres y mujeres a la hora de utilizar perfumes? \u00bfHay unas esencias m\u00e1s adecuada para hombres y otras para mujeres?<\/strong><\/p>\n<p style=\"text-align: justify;\">\n<p style=\"text-align: justify;\"><strong>Jimmy Boyd<\/strong>: La tendencia general es que cada vez m\u00e1s las esencias no las podemos etiquetar de masculinas o femeninas, porque de la misma forma que a nivel de actitud o comportamiento vamos a un ser m\u00e1s andr\u00f3gino, en las esencias se refleja exactamente igual; es decir, cada vez hay menos l\u00ednea de divisi\u00f3n entre fragancias masculinas y femeninas. A nivel de recuperaci\u00f3n de energ\u00eda a\u00fan menos, la p\u00e9rdida de energ\u00eda no tiene sexo ni mentalidad masculina o femenina y por lo tanto\u00a0 la utilizaci\u00f3n de estos aceites esenciales que tienen porcentajes m\u00e1s elevados de notas c\u00edtricas estimulan la energ\u00eda, tanto para hombre como para mujer.<\/p>\n<p>&nbsp;<\/p>\n<p style=\"text-align: justify;\"><strong>Hay un tipo de fragancias m\u00e1s orientales u otras m\u00e1s ex\u00f3ticas como la rosa turca o la rosa de Bulgaria. \u00bfSe deben reservar un poco para el invierno o da igual y se pueden usar todo el a\u00f1o?<\/strong><\/p>\n<p>&nbsp;<\/p>\n<p style=\"text-align: justify;\"><strong>Jimmy Boyd:<\/strong> Si hablamos de fragancias a este nivel, como la rosa damascena que se cultiva en Bulgaria o Turqu\u00eda o la rosa centifolia que se cultiva en el sur de Francia o en el norte de Marruecos;\u00a0 o hablamos de forma gen\u00e9rica de perfumes orientales, perfumes con una base m\u00e1s ambarada, avainillada, amaderada, especiada; son perfumes dirigidos a personalidades sensoriales que nada tiene que ver con que sea\u00a0 verano o invierno. Por la noche se los pondr\u00e1 una mujer que tenga una personalidad sensorial, que est\u00e9 conectada con sus cinco sentidos de forma intensa. No se lo pondr\u00e1 por la ma\u00f1ana para ir a la playa pero s\u00ed se lo pondr\u00e1 por la noche para transmitir esta sensualidad y capacidad de seducci\u00f3n.<\/p>\n<p>&nbsp;<\/p>\n<p style=\"text-align: justify;\"><strong>Vamos a centrarnos un poco en <span style=\"color: #333333;\"><a style=\"color: #333333;\" href=\"http:\/\/www.perfumhada.es\/?plant=1&amp;seccion=241&amp;Offset=0&amp;titulo=Que%20es%20MINE\" target=\"_blank\">MINE<\/a><\/span>, este concepto creado por PerfumHada y Jimmy Boyd, en que cada persona puede crear su propio perfume. La base de Mine que llamamos Amarilla tiene m\u00e1s notas c\u00edtricas. \u00bfSer\u00eda la m\u00e1s adecuada para elaborar un perfume que nos ayude a recuperar de la energ\u00eda? \u00bfY qu\u00e9 esencias le podr\u00edamos a\u00f1adir?<\/strong><\/p>\n<p>&nbsp;<\/p>\n<p style=\"text-align: justify;\"><strong>Jimmy Boyd:<\/strong> L\u00f3gicamente. Hay tres bases, una que llamamos base c\u00edtrica, otra base floral y otra base amaderada. [Ser\u00eda la m\u00e1s adecuada] para recuperaciones energ\u00e9ticas, combatir la <em>desenergizaci\u00f3n<\/em> que se produce por el calor, el estr\u00e9s y el agotamiento (el calor tambi\u00e9n es importante, porque el Sol <em>desenergiza<\/em> much\u00edsimo). A partir de esta base c\u00edtrica universal podemos a\u00f1adir cualquier esencia que venga del mundo de la corteza de los c\u00edtricos como puede ser el lim\u00f3n, la naranja, la bergamota de Sicilia, el pomelo, la lima, la mandarina (la mandarina tiene una connotaci\u00f3n muy alegre). Y podemos hablar tambi\u00e9n de esencias herb\u00e1ceas como podr\u00edan ser la verbena,\u00a0 la menta y la flor de azahar que te he dicho ya repetidamente que es la m\u00e1s importante a nivel de conexi\u00f3n con las gl\u00e1ndulas suprarrenales.<\/p>\n<p>&nbsp;<\/p>\n<p style=\"text-align: justify;\"><strong>Muchas gracias, ha sido un aut\u00e9ntico placer escuchar a un verdadero experto. Nos quedamos con estas recomendaciones para combatir la p\u00e9rdida de energ\u00eda y \u00a0el aumento del calor\u00a0con la llegada de la estaci\u00f3n primaveral.\u00a0<\/strong><strong>Nos despedimos hasta nuestra pr\u00f3xima publicaci\u00f3n en que esperamos contar de nuevo con los conocimientos y experiencia de Jimmy Boyd.<\/strong><\/p>\n","protected":false},"excerpt":{"rendered":"<p>Hoy vamos a hablar de las fragancias que Jimmy Boyd considera m\u00e1s adecuadas para la \u00e9poca primaveral. Pero lo primero ser\u00eda saber: \u00bfHay unas fragancias m\u00e1s adecuadas para unas estaciones o para otras, unas m\u00e1s para invierno y otras para primavera? Jimmy Boyd: Despu\u00e9s de un estudio, un trabajo de campo que yo hice sobre&nbsp;<\/p>\n<p><a class=\"btn btn-style\" href=\"https:\/\/perfumhada.es\/blog\/hablamos-con-jimmy-boyd-de-fragancias-para-combatir-la-astenia-primaveral\/\">Seguir Leyendo&#8230;<\/a><\/p>\n","protected":false},"author":2,"featured_media":166,"comment_status":"open","ping_status":"open","sticky":false,"template":"","format":"standard","meta":{"om_disable_all_campaigns":false,"_monsterinsights_skip_tracking":false,"_monsterinsights_sitenote_active":false,"_monsterinsights_sitenote_note":"","_monsterinsights_sitenote_category":0,"_uf_show_specific_survey":0,"_uf_disable_surveys":false,"footnotes":""},"categories":[7],"tags":[],"class_list":["post-159","post","type-post","status-publish","format-standard","has-post-thumbnail","hentry","category-entrevistas"],"aioseo_notices":[],"jetpack_featured_media_url":"https:\/\/perfumhada.es\/blog\/wp-content\/uploads\/Imagen_Post_Fragancia_Primavera3.png","_links":{"self":[{"href":"https:\/\/perfumhada.es\/blog\/wp-json\/wp\/v2\/posts\/159","targetHints":{"allow":["GET"]}}],"collection":[{"href":"https:\/\/perfumhada.es\/blog\/wp-json\/wp\/v2\/posts"}],"about":[{"href":"https:\/\/perfumhada.es\/blog\/wp-json\/wp\/v2\/types\/post"}],"author":[{"embeddable":true,"href":"https:\/\/perfumhada.es\/blog\/wp-json\/wp\/v2\/users\/2"}],"replies":[{"embeddable":true,"href":"https:\/\/perfumhada.es\/blog\/wp-json\/wp\/v2\/comments?post=159"}],"version-history":[{"count":12,"href":"https:\/\/perfumhada.es\/blog\/wp-json\/wp\/v2\/posts\/159\/revisions"}],"predecessor-version":[{"id":1430,"href":"https:\/\/perfumhada.es\/blog\/wp-json\/wp\/v2\/posts\/159\/revisions\/1430"}],"wp:featuredmedia":[{"embeddable":true,"href":"https:\/\/perfumhada.es\/blog\/wp-json\/wp\/v2\/media\/166"}],"wp:attachment":[{"href":"https:\/\/perfumhada.es\/blog\/wp-json\/wp\/v2\/media?parent=159"}],"wp:term":[{"taxonomy":"category","embeddable":true,"href":"https:\/\/perfumhada.es\/blog\/wp-json\/wp\/v2\/categories?post=159"},{"taxonomy":"post_tag","embeddable":true,"href":"https:\/\/perfumhada.es\/blog\/wp-json\/wp\/v2\/tags?post=159"}],"curies":[{"name":"wp","href":"https:\/\/api.w.org\/{rel}","templated":true}]}}